{"id":2487,"date":"2021-12-01T11:20:31","date_gmt":"2021-12-01T10:20:31","guid":{"rendered":"https:\/\/agora.xtec.cat\/iespauclaris\/?p=2487"},"modified":"2021-12-01T11:22:37","modified_gmt":"2021-12-01T10:22:37","slug":"consell-escolar","status":"publish","type":"post","link":"https:\/\/agora.xtec.cat\/iespauclaris\/general\/consell-escolar\/","title":{"rendered":"Nous representants al Consell Escolar"},"content":{"rendered":"<p dir=\"ltr\">Benvolguda comunitat educativa del Pau Claris, els resultats de les eleccions al consell escolar s\u00f3n les seg\u00fcents.\u00a0<strong>Sector fam\u00edlies:\u00a0<\/strong>Sergi Bri\u00f3 Zamora.\u00a0<strong>Sector alumnat:\u00a0<\/strong>Aila Bedoya i\u00a0Leo Chiantore.\u00a0<strong>Sector<\/strong> <strong>professorat:<\/strong>\u00a0Montse Teixidor,\u00a0Enric Rios i Miquel Gen\u00e9.\u00a0<strong>Sector PAS:<\/strong>\u00a0Felipe Padierna.\u00a0<strong>Sector PAE:<\/strong> N\u00faria G\u00f3mez. Moltes gr\u00e0cies per a la vostra participaci\u00f3 i enhorabona als nous consellers i conselleres!<\/p>\n","protected":false},"excerpt":{"rendered":"<p>Benvolguda comunitat educativa del Pau Claris, els resultats de les eleccions al consell escolar s\u00f3n les seg\u00fcents.\u00a0Sector fam\u00edlies:\u00a0Sergi Bri\u00f3 Zamora.\u00a0Sector alumnat:\u00a0Aila Bedoya i\u00a0Leo Chiantore.\u00a0Sector professorat:\u00a0Montse Teixidor,\u00a0Enric Rios i Miquel Gen\u00e9.\u00a0Sector PAS:\u00a0Felipe Padierna.\u00a0Sector PAE: N\u00faria G\u00f3mez. Moltes gr\u00e0cies per a la vostra participaci\u00f3 i enhorabona als&hellip;  <a href=\"https:\/\/agora.xtec.cat\/iespauclaris\/general\/consell-escolar\/\" title=\"Read Nous representants al Consell Escolar\">Llegeix m\u00e9s\u00bb<\/a><\/p>\n","protected":false},"author":1,"featured_media":2417,"comment_status":"open","ping_status":"closed","sticky":false,"template":"","format":"standard","meta":{"_bbp_topic_count":0,"_bbp_reply_count":0,"_bbp_total_topic_count":0,"_bbp_total_reply_count":0,"_bbp_voice_count":0,"_bbp_anonymous_reply_count":0,"_bbp_topic_count_hidden":0,"_bbp_reply_count_hidden":0,"_bbp_forum_subforum_count":0,"footnotes":""},"categories":[1,29],"tags":[],"class_list":["post-2487","post","type-post","status-publish","format-standard","has-post-thumbnail","hentry","category-general","category-portada"],"post_mailing_queue_ids":[],"_links":{"self":[{"href":"https:\/\/agora.xtec.cat\/iespauclaris\/wp-json\/wp\/v2\/posts\/2487","targetHints":{"allow":["GET"]}}],"collection":[{"href":"https:\/\/agora.xtec.cat\/iespauclaris\/wp-json\/wp\/v2\/posts"}],"about":[{"href":"https:\/\/agora.xtec.cat\/iespauclaris\/wp-json\/wp\/v2\/types\/post"}],"author":[{"embeddable":true,"href":"https:\/\/agora.xtec.cat\/iespauclaris\/wp-json\/wp\/v2\/users\/1"}],"replies":[{"embeddable":true,"href":"https:\/\/agora.xtec.cat\/iespauclaris\/wp-json\/wp\/v2\/comments?post=2487"}],"version-history":[{"count":3,"href":"https:\/\/agora.xtec.cat\/iespauclaris\/wp-json\/wp\/v2\/posts\/2487\/revisions"}],"predecessor-version":[{"id":2491,"href":"https:\/\/agora.xtec.cat\/iespauclaris\/wp-json\/wp\/v2\/posts\/2487\/revisions\/2491"}],"wp:featuredmedia":[{"embeddable":true,"href":"https:\/\/agora.xtec.cat\/iespauclaris\/wp-json\/wp\/v2\/media\/2417"}],"wp:attachment":[{"href":"https:\/\/agora.xtec.cat\/iespauclaris\/wp-json\/wp\/v2\/media?parent=2487"}],"wp:term":[{"taxonomy":"category","embeddable":true,"href":"https:\/\/agora.xtec.cat\/iespauclaris\/wp-json\/wp\/v2\/categories?post=2487"},{"taxonomy":"post_tag","embeddable":true,"href":"https:\/\/agora.xtec.cat\/iespauclaris\/wp-json\/wp\/v2\/tags?post=2487"}],"curies":[{"name":"wp","href":"https:\/\/api.w.org\/{rel}","templated":true}]}}