{"id":2477,"date":"2021-11-27T09:40:58","date_gmt":"2021-11-27T08:40:58","guid":{"rendered":"https:\/\/agora.xtec.cat\/iespauclaris\/?p=2477"},"modified":"2021-11-27T09:45:17","modified_gmt":"2021-11-27T08:45:17","slug":"coneixem-ciutat-vella","status":"publish","type":"post","link":"https:\/\/agora.xtec.cat\/iespauclaris\/general\/coneixem-ciutat-vella\/","title":{"rendered":"Coneixem Ciutat Vella"},"content":{"rendered":"<p>A l&#8217;<strong>Aula d&#8217;Acollida<\/strong> hem sortit per con\u00e8ixer el bo i millor de Ciutat Vella. Quin mat\u00ed m\u00e9s maco per fer pinya i saber m\u00e9s sobre El Born, Santa Maria del Mar, la pla\u00e7a Sant Jaume, la Boqueria, la Biblioteca de Sant Pau i Santa Creu, la Central del Raval, Canaletes i el Palau de la M\u00fasica. Aqu\u00ed el <a href=\"https:\/\/www.google.com\/maps\/d\/u\/0\/edit?mid=12sJU315J3PlcQhXCnYeSL4w9Dh000zSI&amp;usp=sharing\" target=\"_blank\" rel=\"noopener\"><strong>mapa<\/strong><\/a> del recorregut.<\/p>\n<p><a href=\"https:\/\/agora.xtec.cat\/iespauclaris\/wp-content\/uploads\/usu835\/2021\/11\/AA03.jpg\"><img loading=\"lazy\" decoding=\"async\" class=\"alignnone size-thumbnail wp-image-2476\" src=\"https:\/\/agora.xtec.cat\/iespauclaris\/wp-content\/uploads\/usu835\/2021\/11\/AA03-150x150.jpg\" alt=\"\" width=\"150\" height=\"150\" \/><\/a> <a href=\"https:\/\/agora.xtec.cat\/iespauclaris\/wp-content\/uploads\/usu835\/2021\/11\/AA02.jpg\"><img loading=\"lazy\" decoding=\"async\" class=\"alignnone size-thumbnail wp-image-2474\" src=\"https:\/\/agora.xtec.cat\/iespauclaris\/wp-content\/uploads\/usu835\/2021\/11\/AA02-150x150.jpg\" alt=\"\" width=\"150\" height=\"150\" \/><\/a><\/p>\n","protected":false},"excerpt":{"rendered":"<p>A l&#8217;Aula d&#8217;Acollida hem sortit per con\u00e8ixer el bo i millor de Ciutat Vella. Quin mat\u00ed m\u00e9s maco per fer pinya i saber m\u00e9s sobre El Born, Santa Maria del Mar, la pla\u00e7a Sant Jaume, la Boqueria, la Biblioteca de Sant Pau i Santa Creu,&hellip;  <a href=\"https:\/\/agora.xtec.cat\/iespauclaris\/general\/coneixem-ciutat-vella\/\" title=\"Read Coneixem Ciutat Vella\">Llegeix m\u00e9s\u00bb<\/a><\/p>\n","protected":false},"author":1,"featured_media":2473,"comment_status":"open","ping_status":"closed","sticky":false,"template":"","format":"standard","meta":{"_bbp_topic_count":0,"_bbp_reply_count":0,"_bbp_total_topic_count":0,"_bbp_total_reply_count":0,"_bbp_voice_count":0,"_bbp_anonymous_reply_count":0,"_bbp_topic_count_hidden":0,"_bbp_reply_count_hidden":0,"_bbp_forum_subforum_count":0,"footnotes":""},"categories":[1,29],"tags":[],"class_list":["post-2477","post","type-post","status-publish","format-standard","has-post-thumbnail","hentry","category-general","category-portada"],"post_mailing_queue_ids":[],"_links":{"self":[{"href":"https:\/\/agora.xtec.cat\/iespauclaris\/wp-json\/wp\/v2\/posts\/2477","targetHints":{"allow":["GET"]}}],"collection":[{"href":"https:\/\/agora.xtec.cat\/iespauclaris\/wp-json\/wp\/v2\/posts"}],"about":[{"href":"https:\/\/agora.xtec.cat\/iespauclaris\/wp-json\/wp\/v2\/types\/post"}],"author":[{"embeddable":true,"href":"https:\/\/agora.xtec.cat\/iespauclaris\/wp-json\/wp\/v2\/users\/1"}],"replies":[{"embeddable":true,"href":"https:\/\/agora.xtec.cat\/iespauclaris\/wp-json\/wp\/v2\/comments?post=2477"}],"version-history":[{"count":3,"href":"https:\/\/agora.xtec.cat\/iespauclaris\/wp-json\/wp\/v2\/posts\/2477\/revisions"}],"predecessor-version":[{"id":2480,"href":"https:\/\/agora.xtec.cat\/iespauclaris\/wp-json\/wp\/v2\/posts\/2477\/revisions\/2480"}],"wp:featuredmedia":[{"embeddable":true,"href":"https:\/\/agora.xtec.cat\/iespauclaris\/wp-json\/wp\/v2\/media\/2473"}],"wp:attachment":[{"href":"https:\/\/agora.xtec.cat\/iespauclaris\/wp-json\/wp\/v2\/media?parent=2477"}],"wp:term":[{"taxonomy":"category","embeddable":true,"href":"https:\/\/agora.xtec.cat\/iespauclaris\/wp-json\/wp\/v2\/categories?post=2477"},{"taxonomy":"post_tag","embeddable":true,"href":"https:\/\/agora.xtec.cat\/iespauclaris\/wp-json\/wp\/v2\/tags?post=2477"}],"curies":[{"name":"wp","href":"https:\/\/api.w.org\/{rel}","templated":true}]}}