{"id":2430,"date":"2021-11-11T17:37:14","date_gmt":"2021-11-11T16:37:14","guid":{"rendered":"https:\/\/agora.xtec.cat\/iespauclaris\/?p=2430"},"modified":"2021-11-11T20:06:13","modified_gmt":"2021-11-11T19:06:13","slug":"descobrim-la-vida-a-ledat-mitjana","status":"publish","type":"post","link":"https:\/\/agora.xtec.cat\/iespauclaris\/general\/descobrim-la-vida-a-ledat-mitjana\/","title":{"rendered":"La vida (i la mort) a l&#8217;Edat Mitjana&#8230;"},"content":{"rendered":"<p>A partir del projecte Linguasoc (Catal\u00e0+Castell\u00e0+Ci\u00e8ncies Socials) els i les alumnes de 2n d\u2019ESO visitem el <a href=\"https:\/\/www.monestirpedralbes.barcelona\/\" target=\"_blank\" rel=\"noopener\">Monestir de Pedralbes<\/a> per saber com era la vida als monestirs durant l&#8217;Edat Mitjana. Quantes hist\u00f2ries! Sab\u00edeu que <a href=\"https:\/\/www.sapiens.cat\/temes\/dones\/elisenda-de-montcada-fundadora-de-pedralbes_16440_102.html\" target=\"_blank\" rel=\"noopener\">Elisenda de Montcada<\/a> \u00e9s enterrada aqu\u00ed? I que t\u00e9 una doble tomba per la seva vida de reina i l&#8217;altra per la de monja clarissa?<\/p>\n<p><a style=\"color: #2795b6;\" href=\"https:\/\/agora.xtec.cat\/iespauclaris\/wp-content\/uploads\/usu835\/2021\/11\/Pedralbes-01.png\"><img loading=\"lazy\" decoding=\"async\" class=\"alignnone size-thumbnail wp-image-2434\" src=\"https:\/\/agora.xtec.cat\/iespauclaris\/wp-content\/uploads\/usu835\/2021\/11\/Pedralbes-01-150x150.png\" alt=\"\" width=\"150\" height=\"150\" \/> <\/a><a href=\"https:\/\/agora.xtec.cat\/iespauclaris\/wp-content\/uploads\/usu835\/2021\/11\/Monestir.jpg\"><img loading=\"lazy\" decoding=\"async\" class=\"alignnone size-thumbnail wp-image-2440\" src=\"https:\/\/agora.xtec.cat\/iespauclaris\/wp-content\/uploads\/usu835\/2021\/11\/Monestir-150x150.jpg\" alt=\"\" width=\"150\" height=\"150\" \/><\/a><a href=\"https:\/\/agora.xtec.cat\/iespauclaris\/wp-content\/uploads\/usu835\/2021\/11\/Pedralbes-02.png\"> <img loading=\"lazy\" decoding=\"async\" class=\"alignnone size-thumbnail wp-image-2435\" src=\"https:\/\/agora.xtec.cat\/iespauclaris\/wp-content\/uploads\/usu835\/2021\/11\/Pedralbes-02-150x150.png\" alt=\"\" width=\"150\" height=\"150\" \/><\/a> <a href=\"https:\/\/agora.xtec.cat\/iespauclaris\/wp-content\/uploads\/usu835\/2021\/11\/Pedralbes-03.png\"><img loading=\"lazy\" decoding=\"async\" class=\"alignnone size-thumbnail wp-image-2436\" src=\"https:\/\/agora.xtec.cat\/iespauclaris\/wp-content\/uploads\/usu835\/2021\/11\/Pedralbes-03-150x150.png\" alt=\"\" width=\"150\" height=\"150\" \/><\/a><a href=\"https:\/\/agora.xtec.cat\/iespauclaris\/wp-content\/uploads\/usu835\/2021\/11\/Pedralbes-01.png\">\u00a0<\/a><\/p>\n","protected":false},"excerpt":{"rendered":"<p>A partir del projecte Linguasoc (Catal\u00e0+Castell\u00e0+Ci\u00e8ncies Socials) els i les alumnes de 2n d\u2019ESO visitem el <a href=\"https:\/\/www.monestirpedralbes.barcelona\/\" target=\"_blank\" rel=\"noopener\">Monestir de Pedralbes<\/a> per saber com era la vida als monestirs durant l&#8217;Edat Mitjana. Quantes hist\u00f2ries! Sab\u00edeu que <a href=\"https:\/\/www.sapiens.cat\/temes\/dones\/elisenda-de-montcada-fundadora-de-pedralbes_16440_102.html\" target=\"_blank\" rel=\"noopener\">Elisenda de Montcada<\/a> \u00e9s enterrada&hellip;  <a href=\"https:\/\/agora.xtec.cat\/iespauclaris\/general\/descobrim-la-vida-a-ledat-mitjana\/\" title=\"Read La vida (i la mort) a l&#8217;Edat Mitjana&#8230;\">Llegeix m\u00e9s\u00bb<\/a><\/p>\n","protected":false},"author":1,"featured_media":2438,"comment_status":"open","ping_status":"closed","sticky":false,"template":"","format":"standard","meta":{"_bbp_topic_count":0,"_bbp_reply_count":0,"_bbp_total_topic_count":0,"_bbp_total_reply_count":0,"_bbp_voice_count":0,"_bbp_anonymous_reply_count":0,"_bbp_topic_count_hidden":0,"_bbp_reply_count_hidden":0,"_bbp_forum_subforum_count":0,"footnotes":""},"categories":[5,1,29],"tags":[],"class_list":["post-2430","post","type-post","status-publish","format-standard","has-post-thumbnail","hentry","category-eso-2","category-general","category-portada"],"post_mailing_queue_ids":[],"_links":{"self":[{"href":"https:\/\/agora.xtec.cat\/iespauclaris\/wp-json\/wp\/v2\/posts\/2430","targetHints":{"allow":["GET"]}}],"collection":[{"href":"https:\/\/agora.xtec.cat\/iespauclaris\/wp-json\/wp\/v2\/posts"}],"about":[{"href":"https:\/\/agora.xtec.cat\/iespauclaris\/wp-json\/wp\/v2\/types\/post"}],"author":[{"embeddable":true,"href":"https:\/\/agora.xtec.cat\/iespauclaris\/wp-json\/wp\/v2\/users\/1"}],"replies":[{"embeddable":true,"href":"https:\/\/agora.xtec.cat\/iespauclaris\/wp-json\/wp\/v2\/comments?post=2430"}],"version-history":[{"count":3,"href":"https:\/\/agora.xtec.cat\/iespauclaris\/wp-json\/wp\/v2\/posts\/2430\/revisions"}],"predecessor-version":[{"id":2451,"href":"https:\/\/agora.xtec.cat\/iespauclaris\/wp-json\/wp\/v2\/posts\/2430\/revisions\/2451"}],"wp:featuredmedia":[{"embeddable":true,"href":"https:\/\/agora.xtec.cat\/iespauclaris\/wp-json\/wp\/v2\/media\/2438"}],"wp:attachment":[{"href":"https:\/\/agora.xtec.cat\/iespauclaris\/wp-json\/wp\/v2\/media?parent=2430"}],"wp:term":[{"taxonomy":"category","embeddable":true,"href":"https:\/\/agora.xtec.cat\/iespauclaris\/wp-json\/wp\/v2\/categories?post=2430"},{"taxonomy":"post_tag","embeddable":true,"href":"https:\/\/agora.xtec.cat\/iespauclaris\/wp-json\/wp\/v2\/tags?post=2430"}],"curies":[{"name":"wp","href":"https:\/\/api.w.org\/{rel}","templated":true}]}}