{"id":2427,"date":"2021-11-11T14:53:44","date_gmt":"2021-11-11T13:53:44","guid":{"rendered":"https:\/\/agora.xtec.cat\/iespauclaris\/?p=2427"},"modified":"2021-11-11T17:48:32","modified_gmt":"2021-11-11T16:48:32","slug":"ens-orientem-porta-22","status":"publish","type":"post","link":"https:\/\/agora.xtec.cat\/iespauclaris\/general\/ens-orientem-porta-22\/","title":{"rendered":"Ens orientem? 4t d&#8217;ESO a Porta 22!"},"content":{"rendered":"<p>Els alumnes de 4t A hem trencat el gel i hem visitat l\u2019espai <a href=\"https:\/\/treball.barcelonactiva.cat\/porta22\/es\/assetsocupacio\/equipaments\/pagina19142\/centro-para-el-desarrollo-profesional-porta22.do\">Porta 22 de Barcelona Activa<\/a> (Gl\u00f2ries). Hem fet un nou treball d\u2019autoconeixement de cara a descobrir quin cam\u00ed prendrem el curs vinent. Amb el <a href=\"https:\/\/testinteressos.barcelonactiva.cat\/?gInterfaceLanguage=es\">Test d&#8217;interessos professionals<\/a> hem esbrinat quins possibles oficis s\u00f3n els m\u00e9s afins a nosaltres d&#8217;acord amb les nostres prefer\u00e8ncies.<\/p>\n<p>Agra\u00efm a la formadora Ariadna Roca per la seva tasca d&#8217;orientaci\u00f3 durant les dues hores que hem compartit tots plegats. Aquesta visita ha estat el punt de partida de moltes altres. De fet, ben aviat els alumnes de 4t B seguiran els mateixos passos (15\/11); i tamb\u00e9 els estudiants de 3r d\u2019ESO, per\u00f2 ja de cara al tercer trimestre.<\/p>\n","protected":false},"excerpt":{"rendered":"<p>Els alumnes de 4t A hem trencat el gel i hem visitat l\u2019espai <a href=\"https:\/\/treball.barcelonactiva.cat\/porta22\/es\/assetsocupacio\/equipaments\/pagina19142\/centro-para-el-desarrollo-profesional-porta22.do\">Porta 22 de Barcelona Activa<\/a> (Gl\u00f2ries). Hem fet un nou treball d\u2019autoconeixement de cara a descobrir quin cam\u00ed prendrem el curs vinent. Amb el <a href=\"https:\/\/testinteressos.barcelonactiva.cat\/?gInterfaceLanguage=es\">Test d&#8217;interessos professionals<\/a> hem esbrinat quins&hellip;  <a href=\"https:\/\/agora.xtec.cat\/iespauclaris\/general\/ens-orientem-porta-22\/\" title=\"Read Ens orientem? 4t d&#8217;ESO a Porta 22!\">Llegeix m\u00e9s\u00bb<\/a><\/p>\n","protected":false},"author":1,"featured_media":2432,"comment_status":"open","ping_status":"closed","sticky":false,"template":"","format":"standard","meta":{"_bbp_topic_count":0,"_bbp_reply_count":0,"_bbp_total_topic_count":0,"_bbp_total_reply_count":0,"_bbp_voice_count":0,"_bbp_anonymous_reply_count":0,"_bbp_topic_count_hidden":0,"_bbp_reply_count_hidden":0,"_bbp_forum_subforum_count":0,"footnotes":""},"categories":[7,1,29],"tags":[],"class_list":["post-2427","post","type-post","status-publish","format-standard","has-post-thumbnail","hentry","category-eso-4","category-general","category-portada"],"post_mailing_queue_ids":[],"_links":{"self":[{"href":"https:\/\/agora.xtec.cat\/iespauclaris\/wp-json\/wp\/v2\/posts\/2427","targetHints":{"allow":["GET"]}}],"collection":[{"href":"https:\/\/agora.xtec.cat\/iespauclaris\/wp-json\/wp\/v2\/posts"}],"about":[{"href":"https:\/\/agora.xtec.cat\/iespauclaris\/wp-json\/wp\/v2\/types\/post"}],"author":[{"embeddable":true,"href":"https:\/\/agora.xtec.cat\/iespauclaris\/wp-json\/wp\/v2\/users\/1"}],"replies":[{"embeddable":true,"href":"https:\/\/agora.xtec.cat\/iespauclaris\/wp-json\/wp\/v2\/comments?post=2427"}],"version-history":[{"count":3,"href":"https:\/\/agora.xtec.cat\/iespauclaris\/wp-json\/wp\/v2\/posts\/2427\/revisions"}],"predecessor-version":[{"id":2443,"href":"https:\/\/agora.xtec.cat\/iespauclaris\/wp-json\/wp\/v2\/posts\/2427\/revisions\/2443"}],"wp:featuredmedia":[{"embeddable":true,"href":"https:\/\/agora.xtec.cat\/iespauclaris\/wp-json\/wp\/v2\/media\/2432"}],"wp:attachment":[{"href":"https:\/\/agora.xtec.cat\/iespauclaris\/wp-json\/wp\/v2\/media?parent=2427"}],"wp:term":[{"taxonomy":"category","embeddable":true,"href":"https:\/\/agora.xtec.cat\/iespauclaris\/wp-json\/wp\/v2\/categories?post=2427"},{"taxonomy":"post_tag","embeddable":true,"href":"https:\/\/agora.xtec.cat\/iespauclaris\/wp-json\/wp\/v2\/tags?post=2427"}],"curies":[{"name":"wp","href":"https:\/\/api.w.org\/{rel}","templated":true}]}}