{"id":2186,"date":"2021-06-18T12:39:10","date_gmt":"2021-06-18T10:39:10","guid":{"rendered":"http:\/\/agora.xtec.cat\/iespauclaris\/?p=2186"},"modified":"2021-12-21T08:10:47","modified_gmt":"2021-12-21T07:10:47","slug":"acte-de-cloenda-del-projecte-missio-alia","status":"publish","type":"post","link":"https:\/\/agora.xtec.cat\/iespauclaris\/general\/acte-de-cloenda-del-projecte-missio-alia\/","title":{"rendered":"Missi\u00f3 ALIA: tot un \u00e8xit compartit!"},"content":{"rendered":"<p>Us presentem la seq\u00fc\u00e8ncia de la Missi\u00f3 ALIA, el projecte de 1r de batxillerat amb el CCCB (curs 2020-21). Junts hem arribat fins a Mart!<\/p>\n<p><strong>14\/04<\/strong> L\u2019alumnat de 1r de Batxillerat participa en la Missi\u00f3 ALIA, un projecte desenvolupat pel <a href=\"https:\/\/www.cccb.org\/ca\/activitats\/fitxa\/missio-alia\/235421\" target=\"_blank\" rel=\"noopener noreferrer\">CCCB<\/a>\u00a0(<span class=\"\">@CCC<\/span>B) que relaciona la divulgaci\u00f3 cient\u00edfica amb la creaci\u00f3 liter\u00e0ria i art\u00edstica. Acompanyats pel CCCB el nostre alumnat se submergir\u00e0 en alguns dels programes de recerca m\u00e9s destacats de l\u2019Institut d\u2019Estudis Espacials de Catalunya (IEEC).\u00a0En aquest projecte col\u00b7laboren cient\u00edfics que els assessoraran, d\u2019una escriptora de ci\u00e8ncia-ficci\u00f3 i d\u2019un artista, escriuran les seves pr\u00f2pies \u00abcr\u00f2niques marcianes\u00bb, que formaran part de la programaci\u00f3 del CCCB. I si Mart \u00e9s a la Terra?<\/p>\n<p>Aquest projecte \u00e9s un repte que proporciona l\u2019aplicaci\u00f3 de metodologies actives a l\u2019aula i la globalitzaci\u00f3 de moltes mat\u00e8ries de Batxillerat, permeten treballar col\u00b7laborativament en la creaci\u00f3 d\u2019una obra liter\u00e0ria de la ci\u00e8ncia-ficci\u00f3 contextualitzada per a la indagaci\u00f3 que realitzen l\u2019alumnat en diverses \u00e0rees de coneixement, fomentant les STEAM en plantejar-se la necessitat de fer recerca per donar resposta al disseny d\u2019una ciutat marciana i la societat que l\u2019habitar\u00e0. #STEAMcat<\/p>\n<p><strong>06\/05<\/strong> Continuem treballant a 1r de Batxillerat en el projecte globalitzat de la Missi\u00f3 ALIA, incorporant eines de gesti\u00f3 de treball cooperatiu com la metodologia <a href=\"https:\/\/ca.wikipedia.org\/wiki\/Scrum\" target=\"_blank\" rel=\"noopener noreferrer\">SCRUM<\/a>, una metodologia que s\u2019utilitza amb profunditat en l\u2019\u00e0mbit laboral per coordinar-se entre equips de treball, incorporant noves compet\u00e8ncies que podran necessitar durant el seu desenvolupament professional i de formaci\u00f3 continua.<\/p>\n<p>En la fase de desenvolupament del projecte actual estem preparant la comunicaci\u00f3 de la nostra #Recerca de l\u2019enc\u00e0rrec del projecte educatiu del CCCB, la #Missi\u00f3ALIA. Ja som a l\u2019esprint 3 del m\u00e8tode #Scrum en un projecte #STEAM @cesirecat\u00a0<span class=\"css-901oao css-16my406 r-poiln3 r-bcqeeo r-qvutc0\">@consorciedubcn\u00a0@cececebe@CCCBeducacio<\/span><\/p>\n<p><strong>26\/05<\/strong> Lliurem al <a href=\"http:\/\/www.cccb.org\/ca\" target=\"_blank\" rel=\"noopener noreferrer\">CCCB<\/a> el nostre <a href=\"https:\/\/drive.google.com\/file\/d\/1r9UPL1uHX233DCDg_-UqzErO_PQO5LVl\/view?usp=sharing\" target=\"_blank\" rel=\"noopener noreferrer\">relat cooperatiu<\/a> de ci\u00e8ncia-ficci\u00f3 realitzat per tot l&#8217;alumnat de 1r de Batxillerat com finalitzaci\u00f3 del <a href=\"https:\/\/www.cccb.org\/ca\/activitats\/fitxa\/missio-alia\/235421\" target=\"_blank\" rel=\"noopener noreferrer\">projecte Missi\u00f3 ALIA<\/a>, us convidem a veure tot el desplegament d&#8217;aquest projecte globalitzat en el qual hem treballat en aquest <a href=\"https:\/\/sites.google.com\/iespauclaris.org\/institutpauclaris\/p%C3%A0gina-dinici\" target=\"_blank\" rel=\"noopener noreferrer\">SITE.<\/a> Estem orgullosos d&#8217;haver aconseguit el nostre repte amb la participaci\u00f3 de tots els alumnes i l&#8217;equip docent de 1r de Batxillerat. Globalitzaci\u00f3, compet\u00e8ncies STEAM, recerca, cultura cient\u00edfica, literatura i art, tot en la participaci\u00f3 d&#8217;especialistes d&#8217;un <a href=\"https:\/\/www.cccb.org\/ca\/activitats\/fitxa\/missio-alia\/235421\" target=\"_blank\" rel=\"noopener noreferrer\">programa educatiu dissenyat pel CCCB<\/a>. #STEAM #STEAMcat <a href=\"https:\/\/twitter.com\/hashtag\/Missi%C3%B3ALIA?src=hashtag_click\" target=\"_blank\" rel=\"noopener noreferrer\">#Missi\u00f3ALIA<\/a> <span class=\"r-18u37iz\"><a class=\"css-4rbku5 css-18t94o4 css-901oao css-16my406 r-1n1174f r-1loqt21 r-poiln3 r-bcqeeo r-qvutc0\" dir=\"ltr\" role=\"link\" href=\"https:\/\/twitter.com\/CCCBeducacio\" target=\"_blank\" rel=\"noopener noreferrer\">@CCCBeducacio<\/a><\/span><\/p>\n<p><strong>18\/06<\/strong> L&#8217;alumnat de 1r de Batxillerat ha protagonitzat l&#8217;acta de cloenda de la <span class=\"r-18u37iz\"><a class=\"css-4rbku5 css-18t94o4 css-901oao css-16my406 r-1n1174f r-1loqt21 r-poiln3 r-bcqeeo r-qvutc0\" dir=\"ltr\" role=\"link\" href=\"https:\/\/twitter.com\/hashtag\/Missi\u00f3ALIA?src=hashtag_click\" target=\"_blank\" rel=\"noopener noreferrer\">#Missi\u00f3ALIA<\/a><\/span> al <a href=\"https:\/\/www.cccb.org\/ca\" target=\"_blank\" rel=\"noopener noreferrer\">CCCB<\/a> al qual han pogut llegir fragments del seu relat de ci\u00e8ncia-ficci\u00f3, han mantingut una conversa amb conversa entre el\u00a0cient\u00edfic Miquel Sureda <a class=\"PrettyLink profile customisable h-card\" dir=\"ltr\" href=\"https:\/\/twitter.com\/IEEC_space\" target=\"_blank\" rel=\"noopener noreferrer\" data-mentioned-user-id=\"1057415456\" data-scribe=\"element:mention\"><span class=\"PrettyLink-prefix\">@<\/span><span class=\"PrettyLink-value\">IEEC_space<\/span><\/a> amb l\u2019astrof\u00edsica Fatoumata K\u00e9b\u00e9al.<\/p>\n<p>El projecte que uneix ci\u00e8ncia i creaci\u00f3 art\u00edstica ha durat 3 mesos durant els quals d&#8217;estudiants de 1r de batxillerat han donat resposta a la pregunta <strong>Com podria ser una ciutat sostenible a Mart? Disseny d\u2019una ciutat marciana<\/strong> amb un treball globalitzat desenvolupat des d\u2019un bon grapat de mat\u00e8ries de 1r de Batxillerat\u00a0 que utilitzant el m\u00e8tode cient\u00edfic han fet recerca per poder donar resposta, alhora han anat desenvolupant el seu relat de ci\u00e8ncia-ficci\u00f3 amb col\u00b7laboraci\u00f3 d&#8217;artistes convidats per la <a class=\"PrettyLink profile customisable h-card\" dir=\"ltr\" href=\"https:\/\/twitter.com\/cececebe\" target=\"_blank\" rel=\"noopener noreferrer\" data-mentioned-user-id=\"40212757\" data-scribe=\"element:mention\"><span class=\"PrettyLink-prefix\">@<\/span><span class=\"PrettyLink-value\">cececebe<\/span><\/a>, que ha desenvolupat un projecte educatiu que ha comptat amb la col\u00b7laboraci\u00f3 de cient\u00edfics de l&#8217;<a href=\"https:\/\/twitter.com\/IEEC_space\" target=\"_blank\" rel=\"noopener noreferrer\"><span class=\"PrettyLink-prefix\">@<\/span><\/a><span class=\"PrettyLink-value\">IEEC_space. #STEAMcat.\u00a0<\/span>Podeu fer una ullada a la gravaci\u00f3 de la <a href=\"https:\/\/xrcb.cat\/es\/event\/ones-marcianes-al-cccb\/\" target=\"_blank\" rel=\"noopener\">Festa de cloenda<\/a>!<\/p>\n<p><a href=\"https:\/\/agora.xtec.cat\/iespauclaris\/wp-content\/uploads\/usu835\/2021\/04\/EzB4EGBXEAAoK2-.jpg\"><img loading=\"lazy\" decoding=\"async\" class=\"alignnone size-thumbnail wp-image-1982\" src=\"https:\/\/agora.xtec.cat\/iespauclaris\/wp-content\/uploads\/usu835\/2021\/04\/EzB4EGBXEAAoK2--150x150.jpg\" alt=\"\" width=\"150\" height=\"150\" \/><\/a><a href=\"https:\/\/agora.xtec.cat\/iespauclaris\/wp-content\/uploads\/usu835\/2021\/04\/EzB2GGiXMAUZ9j-.jpg\"> <img loading=\"lazy\" decoding=\"async\" class=\"alignnone size-thumbnail wp-image-1979\" src=\"https:\/\/agora.xtec.cat\/iespauclaris\/wp-content\/uploads\/usu835\/2021\/04\/EzB2GGiXMAUZ9j--150x150.jpg\" alt=\"\" width=\"150\" height=\"150\" \/>\u00a0<\/a><a href=\"https:\/\/agora.xtec.cat\/iespauclaris\/wp-content\/uploads\/usu835\/2021\/04\/EzasuodVcAIsxMu.jpg\"><img loading=\"lazy\" decoding=\"async\" class=\"alignnone size-thumbnail wp-image-1983\" src=\"https:\/\/agora.xtec.cat\/iespauclaris\/wp-content\/uploads\/usu835\/2021\/04\/EzasuodVcAIsxMu-150x150.jpg\" alt=\"\" width=\"150\" height=\"150\" \/><\/a><a href=\"https:\/\/agora.xtec.cat\/iespauclaris\/wp-content\/uploads\/usu835\/2021\/06\/E4FdlExXwAciz43-1.jpg\"> <img loading=\"lazy\" decoding=\"async\" class=\"alignnone size-thumbnail wp-image-2189\" src=\"https:\/\/agora.xtec.cat\/iespauclaris\/wp-content\/uploads\/usu835\/2021\/06\/E4FdlExXwAciz43-1-150x150.jpg\" alt=\"\" width=\"150\" height=\"150\" \/><\/a><\/p>\n","protected":false},"excerpt":{"rendered":"<p>Us presentem la seq\u00fc\u00e8ncia de la Missi\u00f3 ALIA, el projecte de 1r de batxillerat amb el CCCB (curs 2020-21). Junts hem arribat fins a Mart!<br \/>\n14\/04 L\u2019alumnat de 1r de Batxillerat participa en la Missi\u00f3 ALIA, un projecte desenvolupat pel <a href=\"https:\/\/www.cccb.org\/ca\/activitats\/fitxa\/missio-alia\/235421\" target=\"_blank\" rel=\"noopener noreferrer\">CCCB<\/a>\u00a0(@CCCB) que&hellip;  <a href=\"https:\/\/agora.xtec.cat\/iespauclaris\/general\/acte-de-cloenda-del-projecte-missio-alia\/\" title=\"Read Missi\u00f3 ALIA: tot un \u00e8xit compartit!\">Llegeix m\u00e9s\u00bb<\/a><\/p>\n","protected":false},"author":1,"featured_media":2130,"comment_status":"open","ping_status":"closed","sticky":false,"template":"","format":"standard","meta":{"_bbp_topic_count":0,"_bbp_reply_count":0,"_bbp_total_topic_count":0,"_bbp_total_reply_count":0,"_bbp_voice_count":0,"_bbp_anonymous_reply_count":0,"_bbp_topic_count_hidden":0,"_bbp_reply_count_hidden":0,"_bbp_forum_subforum_count":0,"footnotes":""},"categories":[8,1,29],"tags":[],"class_list":["post-2186","post","type-post","status-publish","format-standard","has-post-thumbnail","hentry","category-batxillerat","category-general","category-portada"],"post_mailing_queue_ids":[],"_links":{"self":[{"href":"https:\/\/agora.xtec.cat\/iespauclaris\/wp-json\/wp\/v2\/posts\/2186","targetHints":{"allow":["GET"]}}],"collection":[{"href":"https:\/\/agora.xtec.cat\/iespauclaris\/wp-json\/wp\/v2\/posts"}],"about":[{"href":"https:\/\/agora.xtec.cat\/iespauclaris\/wp-json\/wp\/v2\/types\/post"}],"author":[{"embeddable":true,"href":"https:\/\/agora.xtec.cat\/iespauclaris\/wp-json\/wp\/v2\/users\/1"}],"replies":[{"embeddable":true,"href":"https:\/\/agora.xtec.cat\/iespauclaris\/wp-json\/wp\/v2\/comments?post=2186"}],"version-history":[{"count":3,"href":"https:\/\/agora.xtec.cat\/iespauclaris\/wp-json\/wp\/v2\/posts\/2186\/revisions"}],"predecessor-version":[{"id":2337,"href":"https:\/\/agora.xtec.cat\/iespauclaris\/wp-json\/wp\/v2\/posts\/2186\/revisions\/2337"}],"wp:featuredmedia":[{"embeddable":true,"href":"https:\/\/agora.xtec.cat\/iespauclaris\/wp-json\/wp\/v2\/media\/2130"}],"wp:attachment":[{"href":"https:\/\/agora.xtec.cat\/iespauclaris\/wp-json\/wp\/v2\/media?parent=2186"}],"wp:term":[{"taxonomy":"category","embeddable":true,"href":"https:\/\/agora.xtec.cat\/iespauclaris\/wp-json\/wp\/v2\/categories?post=2186"},{"taxonomy":"post_tag","embeddable":true,"href":"https:\/\/agora.xtec.cat\/iespauclaris\/wp-json\/wp\/v2\/tags?post=2186"}],"curies":[{"name":"wp","href":"https:\/\/api.w.org\/{rel}","templated":true}]}}