{"id":2091,"date":"2021-05-19T19:10:21","date_gmt":"2021-05-19T17:10:21","guid":{"rendered":"http:\/\/agora.xtec.cat\/iespauclaris\/?p=2091"},"modified":"2021-05-28T07:20:23","modified_gmt":"2021-05-28T05:20:23","slug":"promovent-els-tr-vinculats-als-ods","status":"publish","type":"post","link":"https:\/\/agora.xtec.cat\/iespauclaris\/eso\/promovent-els-tr-vinculats-als-ods\/","title":{"rendered":"Promovent la igualtat de g\u00e8nere"},"content":{"rendered":"<p>L&#8217;alumnat d&#8217;ESO\u00a0hem anat al <a href=\"https:\/\/ajuntament.barcelona.cat\/palaualos\/\" target=\"_blank\" rel=\"noopener noreferrer\">Palau Al\u00f2s<\/a> a treballar la igualtat de g\u00e8nere, hem realitzat un taller en qu\u00e8 hem pogut parlar sobre aquest dret fonamental de les persones i el foment de la conviv\u00e8ncia de tothom en un m\u00f3n plural. Hem gaudit de l&#8217;entorn proper i acollidor del Palau Al\u00f2s.<\/p>\n<p><a href=\"https:\/\/agora.xtec.cat\/iespauclaris\/wp-content\/uploads\/usu835\/2021\/05\/IMG_20210519_125358.jpg\"><img loading=\"lazy\" decoding=\"async\" class=\"alignnone size-thumbnail wp-image-2095\" src=\"https:\/\/agora.xtec.cat\/iespauclaris\/wp-content\/uploads\/usu835\/2021\/05\/IMG_20210519_125358-150x150.jpg\" alt=\"\" width=\"150\" height=\"150\" \/><\/a><a href=\"https:\/\/agora.xtec.cat\/iespauclaris\/wp-content\/uploads\/usu835\/2021\/05\/IMG_20210519_131629.jpg\">\u00a0<\/a><a href=\"https:\/\/agora.xtec.cat\/iespauclaris\/wp-content\/uploads\/usu835\/2021\/05\/IMG-6871.jpg\"><img loading=\"lazy\" decoding=\"async\" class=\"alignnone size-thumbnail wp-image-2124\" src=\"https:\/\/agora.xtec.cat\/iespauclaris\/wp-content\/uploads\/usu835\/2021\/05\/IMG-6871-150x150.jpg\" alt=\"\" width=\"150\" height=\"150\" \/><\/a> <a href=\"https:\/\/agora.xtec.cat\/iespauclaris\/wp-content\/uploads\/usu835\/2021\/05\/IMG_20210519_131642-1.jpg\"><img loading=\"lazy\" decoding=\"async\" class=\"alignnone size-thumbnail wp-image-2093\" src=\"https:\/\/agora.xtec.cat\/iespauclaris\/wp-content\/uploads\/usu835\/2021\/05\/IMG_20210519_131642-1-150x150.jpg\" alt=\"\" width=\"150\" height=\"150\" \/><\/a><\/p>\n","protected":false},"excerpt":{"rendered":"<p>L&#8217;alumnat d&#8217;ESO\u00a0hem anat al <a href=\"https:\/\/ajuntament.barcelona.cat\/palaualos\/\" target=\"_blank\" rel=\"noopener noreferrer\">Palau Al\u00f2s<\/a> a treballar la igualtat de g\u00e8nere, hem realitzat un taller en qu\u00e8 hem pogut parlar sobre aquest dret fonamental de les persones i el foment de la conviv\u00e8ncia de tothom en un m\u00f3n plural. Hem&hellip;  <a href=\"https:\/\/agora.xtec.cat\/iespauclaris\/eso\/promovent-els-tr-vinculats-als-ods\/\" title=\"Read Promovent la igualtat de g\u00e8nere\">Llegeix m\u00e9s\u00bb<\/a><\/p>\n","protected":false},"author":1,"featured_media":2125,"comment_status":"open","ping_status":"closed","sticky":false,"template":"","format":"standard","meta":{"_bbp_topic_count":0,"_bbp_reply_count":0,"_bbp_total_topic_count":0,"_bbp_total_reply_count":0,"_bbp_voice_count":0,"_bbp_anonymous_reply_count":0,"_bbp_topic_count_hidden":0,"_bbp_reply_count_hidden":0,"_bbp_forum_subforum_count":0,"footnotes":""},"categories":[3,29],"tags":[],"class_list":["post-2091","post","type-post","status-publish","format-standard","has-post-thumbnail","hentry","category-eso","category-portada"],"post_mailing_queue_ids":[],"_links":{"self":[{"href":"https:\/\/agora.xtec.cat\/iespauclaris\/wp-json\/wp\/v2\/posts\/2091","targetHints":{"allow":["GET"]}}],"collection":[{"href":"https:\/\/agora.xtec.cat\/iespauclaris\/wp-json\/wp\/v2\/posts"}],"about":[{"href":"https:\/\/agora.xtec.cat\/iespauclaris\/wp-json\/wp\/v2\/types\/post"}],"author":[{"embeddable":true,"href":"https:\/\/agora.xtec.cat\/iespauclaris\/wp-json\/wp\/v2\/users\/1"}],"replies":[{"embeddable":true,"href":"https:\/\/agora.xtec.cat\/iespauclaris\/wp-json\/wp\/v2\/comments?post=2091"}],"version-history":[{"count":3,"href":"https:\/\/agora.xtec.cat\/iespauclaris\/wp-json\/wp\/v2\/posts\/2091\/revisions"}],"predecessor-version":[{"id":2100,"href":"https:\/\/agora.xtec.cat\/iespauclaris\/wp-json\/wp\/v2\/posts\/2091\/revisions\/2100"}],"wp:featuredmedia":[{"embeddable":true,"href":"https:\/\/agora.xtec.cat\/iespauclaris\/wp-json\/wp\/v2\/media\/2125"}],"wp:attachment":[{"href":"https:\/\/agora.xtec.cat\/iespauclaris\/wp-json\/wp\/v2\/media?parent=2091"}],"wp:term":[{"taxonomy":"category","embeddable":true,"href":"https:\/\/agora.xtec.cat\/iespauclaris\/wp-json\/wp\/v2\/categories?post=2091"},{"taxonomy":"post_tag","embeddable":true,"href":"https:\/\/agora.xtec.cat\/iespauclaris\/wp-json\/wp\/v2\/tags?post=2091"}],"curies":[{"name":"wp","href":"https:\/\/api.w.org\/{rel}","templated":true}]}}