{"id":1965,"date":"2021-04-14T09:53:26","date_gmt":"2021-04-14T07:53:26","guid":{"rendered":"http:\/\/agora.xtec.cat\/iespauclaris\/?p=1965"},"modified":"2021-10-27T19:30:00","modified_gmt":"2021-10-27T17:30:00","slug":"coneixem-els-ocells-nostre-entorn","status":"publish","type":"post","link":"https:\/\/agora.xtec.cat\/iespauclaris\/eso\/eso-3\/coneixem-els-ocells-nostre-entorn\/","title":{"rendered":"Coneixem els ocells del nostre entorn"},"content":{"rendered":"<p>A 3r d&#8217;ESO estem fent un estudi sobre la biodiversitat que ens envolta i hem fet sortides al Parc de l&#8217;Estaci\u00f3 del Nord acompanyats d&#8217;en Jaume Albaig\u00e9s (@jaume_albaiges), ocellaire expert per fer determinaci\u00f3 d&#8217;arbres i observaci\u00f3 d&#8217;ocells. El foment de les STEAM al centre treballat amb organitzacions, entitats i persones permet un aprenentatge aut\u00e8ntic i vivencial.<\/p>\n<p>Hem pogut recon\u00e8ixer tots aquests ocells: cotxa cua-roja, tallarols (de garriga, de casquet, cap negre), mallerenga emplomallada, mosquiter, pit-roig, mastegatatxes, garses, tudons, t\u00f3rtores turques i merles al parc Estaci\u00f3 del Nord.<\/p>\n<p>L\u2019<a href=\"https:\/\/es.linkedin.com\/in\/alex-mascarell-llosa-b8b4a288\" target=\"_blank\" rel=\"noopener noreferrer\" data-saferedirecturl=\"https:\/\/www.google.com\/url?q=https:\/\/es.linkedin.com\/in\/alex-mascarell-llosa-b8b4a288&amp;source=gmail&amp;ust=1621528815526000&amp;usg=AFQjCNGjWjFuH2CXMlhU3CvVl-33qCXehA\">\u00c0lex Mascarell<\/a>, dibuixant del Zoo de Barcelona, ens ha fet aquesta l\u00e0mina amb els ocells que amb els alumnes de 3r d\u2019ESO hem albirat i anotat en dues llistes que hi ha a les aules de 3r A i 3r B. Les observacions les hem fet en les sortides al Parc de l\u2019Estaci\u00f3 del Nord, on ens va acompanyar l\u2019ocellaire Jaume Albaig\u00e8s, i al pati de l\u2019escola. \u00c0lex col\u00b7labora amb les escoles dibuixant en l\u00e0mines els ocells que veiem en els centres i els seus voltants per promoure l\u2019ornitologia entre l\u2019alumnat.\u00a0 #STEAM #STEAMcat<\/p>\n<p><a href=\"https:\/\/agora.xtec.cat\/iespauclaris\/wp-content\/uploads\/usu835\/2021\/04\/Ey9VtWnWgAUfJyi.jpg\"><img loading=\"lazy\" decoding=\"async\" class=\"alignnone size-thumbnail wp-image-1970\" src=\"https:\/\/agora.xtec.cat\/iespauclaris\/wp-content\/uploads\/usu835\/2021\/04\/Ey9VtWnWgAUfJyi-150x150.jpg\" alt=\"\" width=\"150\" height=\"150\" \/><\/a> <a href=\"https:\/\/agora.xtec.cat\/iespauclaris\/wp-content\/uploads\/usu835\/2021\/04\/Ey9VsyrXIAMsOzi.jpg\"><img loading=\"lazy\" decoding=\"async\" class=\"alignnone size-thumbnail wp-image-1969\" src=\"https:\/\/agora.xtec.cat\/iespauclaris\/wp-content\/uploads\/usu835\/2021\/04\/Ey9VsyrXIAMsOzi-150x150.jpg\" alt=\"\" width=\"150\" height=\"150\" \/><\/a> <a href=\"https:\/\/agora.xtec.cat\/iespauclaris\/wp-content\/uploads\/usu835\/2021\/04\/Ey9isNjWYAcQrkv.jpg\"><img loading=\"lazy\" decoding=\"async\" class=\"alignnone size-thumbnail wp-image-1967\" src=\"https:\/\/agora.xtec.cat\/iespauclaris\/wp-content\/uploads\/usu835\/2021\/04\/Ey9isNjWYAcQrkv-150x150.jpg\" alt=\"\" width=\"150\" height=\"150\" \/>\u00a0<\/a><\/p>\n<p><a href=\"https:\/\/agora.xtec.cat\/iespauclaris\/wp-content\/uploads\/usu835\/2021\/05\/INS-Pau-Claris-Barcelona.jpg\"><img loading=\"lazy\" decoding=\"async\" class=\"alignnone size-medium wp-image-2098\" src=\"https:\/\/agora.xtec.cat\/iespauclaris\/wp-content\/uploads\/usu835\/2021\/05\/INS-Pau-Claris-Barcelona-300x212.jpg\" alt=\"\" width=\"300\" height=\"212\" srcset=\"https:\/\/agora.xtec.cat\/iespauclaris\/wp-content\/uploads\/usu835\/2021\/05\/INS-Pau-Claris-Barcelona-300x212.jpg 300w, https:\/\/agora.xtec.cat\/iespauclaris\/wp-content\/uploads\/usu835\/2021\/05\/INS-Pau-Claris-Barcelona-768x543.jpg 768w, https:\/\/agora.xtec.cat\/iespauclaris\/wp-content\/uploads\/usu835\/2021\/05\/INS-Pau-Claris-Barcelona.jpg 1000w\" sizes=\"auto, (max-width: 300px) 100vw, 300px\" \/><\/a><\/p>\n","protected":false},"excerpt":{"rendered":"<p>A 3r d&#8217;ESO estem fent un estudi sobre la biodiversitat que ens envolta i hem fet sortides al Parc de l&#8217;Estaci\u00f3 del Nord acompanyats d&#8217;en Jaume Albaig\u00e9s (@jaume_albaiges), ocellaire expert per fer determinaci\u00f3 d&#8217;arbres i observaci\u00f3 d&#8217;ocells. El foment de les STEAM al centre treballat&hellip;  <a href=\"https:\/\/agora.xtec.cat\/iespauclaris\/eso\/eso-3\/coneixem-els-ocells-nostre-entorn\/\" title=\"Read Coneixem els ocells del nostre entorn\">Llegeix m\u00e9s\u00bb<\/a><\/p>\n","protected":false},"author":1,"featured_media":1968,"comment_status":"open","ping_status":"closed","sticky":false,"template":"","format":"standard","meta":{"_bbp_topic_count":0,"_bbp_reply_count":0,"_bbp_total_topic_count":0,"_bbp_total_reply_count":0,"_bbp_voice_count":0,"_bbp_anonymous_reply_count":0,"_bbp_topic_count_hidden":0,"_bbp_reply_count_hidden":0,"_bbp_forum_subforum_count":0,"footnotes":""},"categories":[6,29],"tags":[],"class_list":["post-1965","post","type-post","status-publish","format-standard","has-post-thumbnail","hentry","category-eso-3","category-portada"],"post_mailing_queue_ids":[],"_links":{"self":[{"href":"https:\/\/agora.xtec.cat\/iespauclaris\/wp-json\/wp\/v2\/posts\/1965","targetHints":{"allow":["GET"]}}],"collection":[{"href":"https:\/\/agora.xtec.cat\/iespauclaris\/wp-json\/wp\/v2\/posts"}],"about":[{"href":"https:\/\/agora.xtec.cat\/iespauclaris\/wp-json\/wp\/v2\/types\/post"}],"author":[{"embeddable":true,"href":"https:\/\/agora.xtec.cat\/iespauclaris\/wp-json\/wp\/v2\/users\/1"}],"replies":[{"embeddable":true,"href":"https:\/\/agora.xtec.cat\/iespauclaris\/wp-json\/wp\/v2\/comments?post=1965"}],"version-history":[{"count":3,"href":"https:\/\/agora.xtec.cat\/iespauclaris\/wp-json\/wp\/v2\/posts\/1965\/revisions"}],"predecessor-version":[{"id":2343,"href":"https:\/\/agora.xtec.cat\/iespauclaris\/wp-json\/wp\/v2\/posts\/1965\/revisions\/2343"}],"wp:featuredmedia":[{"embeddable":true,"href":"https:\/\/agora.xtec.cat\/iespauclaris\/wp-json\/wp\/v2\/media\/1968"}],"wp:attachment":[{"href":"https:\/\/agora.xtec.cat\/iespauclaris\/wp-json\/wp\/v2\/media?parent=1965"}],"wp:term":[{"taxonomy":"category","embeddable":true,"href":"https:\/\/agora.xtec.cat\/iespauclaris\/wp-json\/wp\/v2\/categories?post=1965"},{"taxonomy":"post_tag","embeddable":true,"href":"https:\/\/agora.xtec.cat\/iespauclaris\/wp-json\/wp\/v2\/tags?post=1965"}],"curies":[{"name":"wp","href":"https:\/\/api.w.org\/{rel}","templated":true}]}}