{"id":1899,"date":"2021-04-23T21:44:59","date_gmt":"2021-04-23T19:44:59","guid":{"rendered":"http:\/\/agora.xtec.cat\/iespauclaris\/?p=1899"},"modified":"2021-10-28T14:04:23","modified_gmt":"2021-10-28T12:04:23","slug":"radio-pau-claris","status":"publish","type":"post","link":"https:\/\/agora.xtec.cat\/iespauclaris\/portada\/radio-pau-claris\/","title":{"rendered":"R\u00e0dio Pau Claris: dos primers podcast!"},"content":{"rendered":"<div class=\"css-1xuoth5\">\n<div class=\"css-doq0dk\">\n<div class=\" css-1owrxm0\">\n<div class=\"css-kfk5lh\">\n<div class=\"css-qf46r9\">\n<p>Estrenem un nou mitj\u00e0 de comunicaci\u00f3 a l&#8217;Institut Pau Claris, un mitj\u00e0 de comunicaci\u00f3 fet per alumnes i adre\u00e7at als alumnes cercant la participaci\u00f3 de tota la comunitat educativa.<\/p>\n<p>Aqu\u00ed teniu el primer podcast de R\u00e0dio Pau Claris <a href=\"https:\/\/anchor.fm\/institut-pau-claris\/embed\/episodes\/Estrenem-la-rdio-Pau-Claris-evh7cg\/a-a5bgce4\" target=\"_blank\" rel=\"noopener noreferrer\">Fem que les coses passin <\/a>on trobareu els espais de not\u00edcies d&#8217;inter\u00e8s, entrevista i pe\u00e7a musical. En aquest primer podcast escoltareu l&#8217;entrevista al director del centre, en Francesc Maldonado, i les espectaculars veus de la Mafalda, la Rita i la Paula amb un tema de la pel\u00b7l\u00edcula <em>HairSpray<\/em>.<\/p>\n<p>El segon podcast de R\u00e0dio Pau Claris es titula <a href=\"https:\/\/drive.google.com\/file\/d\/1eF6dIsAcPaks-cGTnArIjUGv7EeL_BdB\/view?usp=sharing\" target=\"_blank\" rel=\"noopener noreferrer\">Dones al poder<\/a>. Molt\u00edssimes gr\u00e0cies a la Mariel Soria (Mariel) i el Manel Barcel\u00f3, l&#8217;entrevista \u00e9s d&#8217;all\u00f2 m\u00e9s interessant. Si en voleu saber m\u00e9s, nom\u00e9s cal que cliqueu sobre l&#8217;enlla\u00e7&#8230;<\/p>\n<\/div>\n<\/div>\n<\/div>\n<\/div>\n<p><a style=\"font-family: inherit; font-size: 1em;\" href=\"https:\/\/agora.xtec.cat\/iespauclaris\/wp-content\/uploads\/usu835\/2021\/04\/veu-radio-e1619458785369.jpg\"><img loading=\"lazy\" decoding=\"async\" class=\"alignnone wp-image-1901 size-thumbnail\" src=\"https:\/\/agora.xtec.cat\/iespauclaris\/wp-content\/uploads\/usu835\/2021\/04\/veu-radio-e1619488871518-150x150.jpg\" alt=\"\" width=\"150\" height=\"150\" srcset=\"https:\/\/agora.xtec.cat\/iespauclaris\/wp-content\/uploads\/usu835\/2021\/04\/veu-radio-e1619488871518-150x150.jpg 150w, https:\/\/agora.xtec.cat\/iespauclaris\/wp-content\/uploads\/usu835\/2021\/04\/veu-radio-e1619488871518-300x300.jpg 300w, https:\/\/agora.xtec.cat\/iespauclaris\/wp-content\/uploads\/usu835\/2021\/04\/veu-radio-e1619488871518.jpg 499w\" sizes=\"auto, (max-width: 150px) 100vw, 150px\" \/><\/a><a href=\"https:\/\/agora.xtec.cat\/iespauclaris\/wp-content\/uploads\/usu835\/2021\/04\/radio-e1619458743368.jpg\"> <img loading=\"lazy\" decoding=\"async\" class=\"alignnone size-thumbnail wp-image-1900\" src=\"https:\/\/agora.xtec.cat\/iespauclaris\/wp-content\/uploads\/usu835\/2021\/04\/radio-e1619458743368-150x150.jpg\" alt=\"\" width=\"150\" height=\"150\" \/><\/a><\/p>\n<\/div>\n","protected":false},"excerpt":{"rendered":"<p>Estrenem un nou mitj\u00e0 de comunicaci\u00f3 a l&#8217;Institut Pau Claris, un mitj\u00e0 de comunicaci\u00f3 fet per alumnes i adre\u00e7at als alumnes cercant la participaci\u00f3 de tota la comunitat educativa.<br \/>\nAqu\u00ed teniu el primer podcast de R\u00e0dio Pau Claris <a href=\"https:\/\/anchor.fm\/institut-pau-claris\/embed\/episodes\/Estrenem-la-rdio-Pau-Claris-evh7cg\/a-a5bgce4\" target=\"_blank\" rel=\"noopener noreferrer\">Fem que les coses&hellip;  <a href=\"https:\/\/agora.xtec.cat\/iespauclaris\/portada\/radio-pau-claris\/\" title=\"Read R\u00e0dio Pau Claris: dos primers podcast!\">Llegeix m\u00e9s\u00bb<\/a><\/p>\n","protected":false},"author":1,"featured_media":1900,"comment_status":"open","ping_status":"closed","sticky":false,"template":"","format":"standard","meta":{"_bbp_topic_count":0,"_bbp_reply_count":0,"_bbp_total_topic_count":0,"_bbp_total_reply_count":0,"_bbp_voice_count":0,"_bbp_anonymous_reply_count":0,"_bbp_topic_count_hidden":0,"_bbp_reply_count_hidden":0,"_bbp_forum_subforum_count":0,"footnotes":""},"categories":[29],"tags":[],"class_list":["post-1899","post","type-post","status-publish","format-standard","has-post-thumbnail","hentry","category-portada"],"post_mailing_queue_ids":[],"_links":{"self":[{"href":"https:\/\/agora.xtec.cat\/iespauclaris\/wp-json\/wp\/v2\/posts\/1899","targetHints":{"allow":["GET"]}}],"collection":[{"href":"https:\/\/agora.xtec.cat\/iespauclaris\/wp-json\/wp\/v2\/posts"}],"about":[{"href":"https:\/\/agora.xtec.cat\/iespauclaris\/wp-json\/wp\/v2\/types\/post"}],"author":[{"embeddable":true,"href":"https:\/\/agora.xtec.cat\/iespauclaris\/wp-json\/wp\/v2\/users\/1"}],"replies":[{"embeddable":true,"href":"https:\/\/agora.xtec.cat\/iespauclaris\/wp-json\/wp\/v2\/comments?post=1899"}],"version-history":[{"count":4,"href":"https:\/\/agora.xtec.cat\/iespauclaris\/wp-json\/wp\/v2\/posts\/1899\/revisions"}],"predecessor-version":[{"id":2362,"href":"https:\/\/agora.xtec.cat\/iespauclaris\/wp-json\/wp\/v2\/posts\/1899\/revisions\/2362"}],"wp:featuredmedia":[{"embeddable":true,"href":"https:\/\/agora.xtec.cat\/iespauclaris\/wp-json\/wp\/v2\/media\/1900"}],"wp:attachment":[{"href":"https:\/\/agora.xtec.cat\/iespauclaris\/wp-json\/wp\/v2\/media?parent=1899"}],"wp:term":[{"taxonomy":"category","embeddable":true,"href":"https:\/\/agora.xtec.cat\/iespauclaris\/wp-json\/wp\/v2\/categories?post=1899"},{"taxonomy":"post_tag","embeddable":true,"href":"https:\/\/agora.xtec.cat\/iespauclaris\/wp-json\/wp\/v2\/tags?post=1899"}],"curies":[{"name":"wp","href":"https:\/\/api.w.org\/{rel}","templated":true}]}}