{"id":4577,"date":"2025-06-27T08:19:51","date_gmt":"2025-06-27T06:19:51","guid":{"rendered":"https:\/\/agora.xtec.cat\/iespaucasals-badalona\/?p=4577"},"modified":"2025-07-15T19:26:00","modified_gmt":"2025-07-15T17:26:00","slug":"atencio-families-de-1r-deso","status":"publish","type":"post","link":"https:\/\/agora.xtec.cat\/iespaucasals-badalona\/general\/atencio-families-de-1r-deso\/","title":{"rendered":"ATENCI\u00d3 FAM\u00cdLIES de 1r d&#8217;ESO"},"content":{"rendered":"<p><img loading=\"lazy\" decoding=\"async\" class=\"aligncenter wp-image-4578\" src=\"https:\/\/agora.xtec.cat\/iespaucasals-badalona\/wp-content\/uploads\/usu781\/2025\/06\/REUNIO-FAMILIES-1r-dESO-300x169.jpg\" alt=\"\" width=\"444\" height=\"250\" srcset=\"https:\/\/agora.xtec.cat\/iespaucasals-badalona\/wp-content\/uploads\/usu781\/2025\/06\/REUNIO-FAMILIES-1r-dESO-300x169.jpg 300w, https:\/\/agora.xtec.cat\/iespaucasals-badalona\/wp-content\/uploads\/usu781\/2025\/06\/REUNIO-FAMILIES-1r-dESO-1024x576.jpg 1024w, https:\/\/agora.xtec.cat\/iespaucasals-badalona\/wp-content\/uploads\/usu781\/2025\/06\/REUNIO-FAMILIES-1r-dESO-768x432.jpg 768w, https:\/\/agora.xtec.cat\/iespaucasals-badalona\/wp-content\/uploads\/usu781\/2025\/06\/REUNIO-FAMILIES-1r-dESO-1536x864.jpg 1536w, https:\/\/agora.xtec.cat\/iespaucasals-badalona\/wp-content\/uploads\/usu781\/2025\/06\/REUNIO-FAMILIES-1r-dESO.jpg 1920w\" sizes=\"auto, (max-width: 444px) 100vw, 444px\" \/><\/p>\n<p><a href=\"https:\/\/agora.xtec.cat\/iespaucasals-badalona\/wp-content\/uploads\/usu781\/2025\/06\/REUNIO-FAMILIES-JULIOL-2024-2_compressed.pdf\">Aqu\u00ed teniu l&#8217;enlla\u00e7 de la presentaci\u00f3 de la darrera REUNI\u00d3 FAM\u00cdLIES JULIOL 2025<\/a><\/p>\n","protected":false},"excerpt":{"rendered":"<p><a href=\"https:\/\/agora.xtec.cat\/iespaucasals-badalona\/wp-content\/uploads\/usu781\/2025\/06\/REUNIO-FAMILIES-JULIOL-2024-2_compressed.pdf\">Aqu\u00ed teniu l&#8217;enlla\u00e7 de la presentaci\u00f3 de la darrera REUNI\u00d3 FAM\u00cdLIES JULIOL 2025<\/a><\/p>\n","protected":false},"author":1,"featured_media":4578,"comment_status":"open","ping_status":"open","sticky":false,"template":"","format":"standard","meta":{"_bbp_topic_count":0,"_bbp_reply_count":0,"_bbp_total_topic_count":0,"_bbp_total_reply_count":0,"_bbp_voice_count":0,"_bbp_anonymous_reply_count":0,"_bbp_topic_count_hidden":0,"_bbp_reply_count_hidden":0,"_bbp_forum_subforum_count":0,"footnotes":""},"categories":[1,29],"tags":[],"class_list":["post-4577","post","type-post","status-publish","format-standard","has-post-thumbnail","hentry","category-general","category-portada"],"post_mailing_queue_ids":[],"_links":{"self":[{"href":"https:\/\/agora.xtec.cat\/iespaucasals-badalona\/wp-json\/wp\/v2\/posts\/4577","targetHints":{"allow":["GET"]}}],"collection":[{"href":"https:\/\/agora.xtec.cat\/iespaucasals-badalona\/wp-json\/wp\/v2\/posts"}],"about":[{"href":"https:\/\/agora.xtec.cat\/iespaucasals-badalona\/wp-json\/wp\/v2\/types\/post"}],"author":[{"embeddable":true,"href":"https:\/\/agora.xtec.cat\/iespaucasals-badalona\/wp-json\/wp\/v2\/users\/1"}],"replies":[{"embeddable":true,"href":"https:\/\/agora.xtec.cat\/iespaucasals-badalona\/wp-json\/wp\/v2\/comments?post=4577"}],"version-history":[{"count":3,"href":"https:\/\/agora.xtec.cat\/iespaucasals-badalona\/wp-json\/wp\/v2\/posts\/4577\/revisions"}],"predecessor-version":[{"id":4592,"href":"https:\/\/agora.xtec.cat\/iespaucasals-badalona\/wp-json\/wp\/v2\/posts\/4577\/revisions\/4592"}],"wp:featuredmedia":[{"embeddable":true,"href":"https:\/\/agora.xtec.cat\/iespaucasals-badalona\/wp-json\/wp\/v2\/media\/4578"}],"wp:attachment":[{"href":"https:\/\/agora.xtec.cat\/iespaucasals-badalona\/wp-json\/wp\/v2\/media?parent=4577"}],"wp:term":[{"taxonomy":"category","embeddable":true,"href":"https:\/\/agora.xtec.cat\/iespaucasals-badalona\/wp-json\/wp\/v2\/categories?post=4577"},{"taxonomy":"post_tag","embeddable":true,"href":"https:\/\/agora.xtec.cat\/iespaucasals-badalona\/wp-json\/wp\/v2\/tags?post=4577"}],"curies":[{"name":"wp","href":"https:\/\/api.w.org\/{rel}","templated":true}]}}