{"id":4522,"date":"2025-06-09T11:56:49","date_gmt":"2025-06-09T09:56:49","guid":{"rendered":"https:\/\/agora.xtec.cat\/iespaucasals-badalona\/?p=4522"},"modified":"2025-10-30T16:07:05","modified_gmt":"2025-10-30T15:07:05","slug":"llibres-iddink","status":"publish","type":"post","link":"https:\/\/agora.xtec.cat\/iespaucasals-badalona\/general\/llibres-iddink\/","title":{"rendered":"LLIBRES IDDINK"},"content":{"rendered":"<p><a href=\"https:\/\/agora.xtec.cat\/iespaucasals-badalona\/wp-content\/uploads\/usu781\/2025\/06\/309_CC_2025.pdf\"><img loading=\"lazy\" decoding=\"async\" class=\" wp-image-4582 alignleft\" src=\"https:\/\/agora.xtec.cat\/iespaucasals-badalona\/wp-content\/uploads\/usu781\/2025\/06\/com-fer-la-comanda-240x300.png\" alt=\"\" width=\"272\" height=\"340\" srcset=\"https:\/\/agora.xtec.cat\/iespaucasals-badalona\/wp-content\/uploads\/usu781\/2025\/06\/com-fer-la-comanda-240x300.png 240w, https:\/\/agora.xtec.cat\/iespaucasals-badalona\/wp-content\/uploads\/usu781\/2025\/06\/com-fer-la-comanda-820x1024.png 820w, https:\/\/agora.xtec.cat\/iespaucasals-badalona\/wp-content\/uploads\/usu781\/2025\/06\/com-fer-la-comanda-768x959.png 768w, https:\/\/agora.xtec.cat\/iespaucasals-badalona\/wp-content\/uploads\/usu781\/2025\/06\/com-fer-la-comanda.png 1081w\" sizes=\"auto, (max-width: 272px) 100vw, 272px\" \/><img loading=\"lazy\" decoding=\"async\" class=\"wp-image-4535 alignleft\" src=\"https:\/\/agora.xtec.cat\/iespaucasals-badalona\/wp-content\/uploads\/usu781\/2025\/06\/Captura-de-pantalla-2025-06-09-121739.png\" alt=\"\" width=\"243\" height=\"340\" srcset=\"https:\/\/agora.xtec.cat\/iespaucasals-badalona\/wp-content\/uploads\/usu781\/2025\/06\/Captura-de-pantalla-2025-06-09-121739.png 520w, https:\/\/agora.xtec.cat\/iespaucasals-badalona\/wp-content\/uploads\/usu781\/2025\/06\/Captura-de-pantalla-2025-06-09-121739-214x300.png 214w\" sizes=\"auto, (max-width: 243px) 100vw, 243px\" \/><\/a><\/p>\n<p>&nbsp;<\/p>\n<p>&nbsp;<\/p>\n<p>&nbsp;<\/p>\n<p>&nbsp;<\/p>\n<p><a href=\"https:\/\/agora.xtec.cat\/iespaucasals-badalona\/wp-content\/uploads\/usu781\/2025\/06\/LLISTAT-llibres-25-26.pdf\">LLISTAT llibres 25-26<\/a>\u00a0 ====&gt; ATENCI\u00d3, si sou fam\u00edlies amb beca NO HEU DE COMPRAR ELS LLIBRES &lt;===== el dia de la matr\u00edcula us explicaran el procediment.<\/p>\n<p><a href=\"https:\/\/agora.xtec.cat\/iespaucasals-badalona\/wp-content\/uploads\/usu781\/2025\/06\/309_Cartell_Recollida_2025-1.pdf\">Recollida_llibres_2025<\/a><\/p>\n<p><a href=\"https:\/\/agora.xtec.cat\/iespaucasals-badalona\/wp-content\/uploads\/usu781\/2025\/06\/com-fer-la-comanda.png\">COM FER LA COMANDA- CODI<\/a><\/p>\n<p><a href=\"https:\/\/agora.xtec.cat\/iespaucasals-badalona\/wp-content\/uploads\/usu781\/2025\/06\/309_CC_2025.pdf\">COM FUNCIONA IDDINK?<\/a><\/p>\n<p><a href=\"https:\/\/agora.xtec.cat\/iespaucasals-badalona\/wp-content\/uploads\/usu781\/2025\/06\/2025-Val-escolar.pdf\">\u00a0 \u00a0 \u00a0 \u00a0 \u00a0 \u00a0 \u00a0 \u00a0 \u00a0 \u00a0 \u00a0 \u00a0 \u00a0 \u00a0 \u00a0 \u00a0 \u00a0 \u00a0 \u00a0 \u00a0 \u00a0 \u00a0 \u00a0 \u00a0 \u00a0 \u00a0 \u00a0 \u00a0 \u00a0 \u00a0 =======&gt;&gt;&gt;&gt; 2025 Val escolar<\/a><\/p>\n<p>En aquest article trobareu tota la informaci\u00f3 referents al llistat de llibres del curs 25\/26, el dia del retorn de llibres al centre, les instruccions de com fer la comanda. A mesura que tinguem m\u00e9s informaci\u00f3 anirem actualitzant aquest article.<\/p>\n","protected":false},"excerpt":{"rendered":"<p><a href=\"https:\/\/agora.xtec.cat\/iespaucasals-badalona\/wp-content\/uploads\/usu781\/2025\/06\/309_CC_2025.pdf\"><\/a><br \/>\n&nbsp;<br \/>\n&nbsp;<br \/>\n&nbsp;<br \/>\n&nbsp;<br \/>\n<a href=\"https:\/\/agora.xtec.cat\/iespaucasals-badalona\/wp-content\/uploads\/usu781\/2025\/06\/LLISTAT-llibres-25-26.pdf\">LLISTAT llibres 25-26<\/a>\u00a0 ====&gt; ATENCI\u00d3, si sou fam\u00edlies amb beca NO HEU DE COMPRAR ELS LLIBRES &lt;===== el dia de la matr\u00edcula us explicaran el procediment.<br \/>\n<a href=\"https:\/\/agora.xtec.cat\/iespaucasals-badalona\/wp-content\/uploads\/usu781\/2025\/06\/309_Cartell_Recollida_2025-1.pdf\">Recollida_llibres_2025<\/a><br \/>\n<a href=\"https:\/\/agora.xtec.cat\/iespaucasals-badalona\/wp-content\/uploads\/usu781\/2025\/06\/com-fer-la-comanda.png\">COM FER LA COMANDA- CODI<\/a><br \/>\n<a href=\"https:\/\/agora.xtec.cat\/iespaucasals-badalona\/wp-content\/uploads\/usu781\/2025\/06\/309_CC_2025.pdf\">COM FUNCIONA IDDINK?<\/a><br \/>\n<a href=\"https:\/\/agora.xtec.cat\/iespaucasals-badalona\/wp-content\/uploads\/usu781\/2025\/06\/2025-Val-escolar.pdf\">\u00a0 \u00a0 \u00a0 \u00a0 \u00a0 \u00a0 \u00a0 \u00a0&hellip;  <a href=\"https:\/\/agora.xtec.cat\/iespaucasals-badalona\/general\/llibres-iddink\/\" title=\"Read LLIBRES IDDINK\">Llegeix m\u00e9s\u00bb<\/a><\/p>\n","protected":false},"author":1,"featured_media":4582,"comment_status":"open","ping_status":"open","sticky":false,"template":"","format":"standard","meta":{"_bbp_topic_count":0,"_bbp_reply_count":0,"_bbp_total_topic_count":0,"_bbp_total_reply_count":0,"_bbp_voice_count":0,"_bbp_anonymous_reply_count":0,"_bbp_topic_count_hidden":0,"_bbp_reply_count_hidden":0,"_bbp_forum_subforum_count":0,"footnotes":""},"categories":[1,29],"tags":[],"class_list":["post-4522","post","type-post","status-publish","format-standard","has-post-thumbnail","hentry","category-general","category-portada"],"post_mailing_queue_ids":[],"_links":{"self":[{"href":"https:\/\/agora.xtec.cat\/iespaucasals-badalona\/wp-json\/wp\/v2\/posts\/4522","targetHints":{"allow":["GET"]}}],"collection":[{"href":"https:\/\/agora.xtec.cat\/iespaucasals-badalona\/wp-json\/wp\/v2\/posts"}],"about":[{"href":"https:\/\/agora.xtec.cat\/iespaucasals-badalona\/wp-json\/wp\/v2\/types\/post"}],"author":[{"embeddable":true,"href":"https:\/\/agora.xtec.cat\/iespaucasals-badalona\/wp-json\/wp\/v2\/users\/1"}],"replies":[{"embeddable":true,"href":"https:\/\/agora.xtec.cat\/iespaucasals-badalona\/wp-json\/wp\/v2\/comments?post=4522"}],"version-history":[{"count":6,"href":"https:\/\/agora.xtec.cat\/iespaucasals-badalona\/wp-json\/wp\/v2\/posts\/4522\/revisions"}],"predecessor-version":[{"id":4589,"href":"https:\/\/agora.xtec.cat\/iespaucasals-badalona\/wp-json\/wp\/v2\/posts\/4522\/revisions\/4589"}],"wp:featuredmedia":[{"embeddable":true,"href":"https:\/\/agora.xtec.cat\/iespaucasals-badalona\/wp-json\/wp\/v2\/media\/4582"}],"wp:attachment":[{"href":"https:\/\/agora.xtec.cat\/iespaucasals-badalona\/wp-json\/wp\/v2\/media?parent=4522"}],"wp:term":[{"taxonomy":"category","embeddable":true,"href":"https:\/\/agora.xtec.cat\/iespaucasals-badalona\/wp-json\/wp\/v2\/categories?post=4522"},{"taxonomy":"post_tag","embeddable":true,"href":"https:\/\/agora.xtec.cat\/iespaucasals-badalona\/wp-json\/wp\/v2\/tags?post=4522"}],"curies":[{"name":"wp","href":"https:\/\/api.w.org\/{rel}","templated":true}]}}