{"id":4258,"date":"2024-06-29T19:09:23","date_gmt":"2024-06-29T17:09:23","guid":{"rendered":"https:\/\/agora.xtec.cat\/iespaucasals-badalona\/?p=4258"},"modified":"2024-09-13T10:30:19","modified_gmt":"2024-09-13T08:30:19","slug":"reunio-families-1r-deso","status":"publish","type":"post","link":"https:\/\/agora.xtec.cat\/iespaucasals-badalona\/general\/reunio-families-1r-deso\/","title":{"rendered":"Resum de la reuni\u00f3 fam\u00edlies 1r d&#8217;ESO"},"content":{"rendered":"<p>Benvolgudes fam\u00edlies<\/p>\n<p>Us compartim el resum de la reuni\u00f3 fam\u00edlies <strong>1r d&#8217;ESO <\/strong>del passat 8 de juliol.<\/p>\n<h3 style=\"text-align: center;\"><a href=\"https:\/\/agora.xtec.cat\/iespaucasals-badalona\/wp-content\/uploads\/usu781\/2024\/06\/REUNIO-FAMILIES-JULIOL-2024_compressed-1.pdf\" target=\"_blank\" rel=\"noopener\">RESUM REUNI\u00d3 FAM\u00cdLIES JULIOL 2024<\/a><\/h3>\n<p><a href=\"https:\/\/agora.xtec.cat\/iespaucasals-badalona\/wp-content\/uploads\/usu781\/2024\/06\/REUNIO-FAMILIES-1r-dESO-Dia-8-de-juliol-a-les-18-hores-anunci-scaled.jpg\" target=\"_blank\" rel=\"noopener\"><br \/>\n<img loading=\"lazy\" decoding=\"async\" class=\"aligncenter wp-image-4259\" src=\"https:\/\/agora.xtec.cat\/iespaucasals-badalona\/wp-content\/uploads\/usu781\/2024\/06\/REUNIO-FAMILIES-1r-dESO-Dia-8-de-juliol-a-les-18-hores-anunci-768x1024.jpg\" alt=\"\" width=\"204\" height=\"272\" \/><\/a><\/p>\n","protected":false},"excerpt":{"rendered":"<p>Reuni\u00f3 fam\u00edlies 1r d&#8217;ESO&hellip;  <a href=\"https:\/\/agora.xtec.cat\/iespaucasals-badalona\/general\/reunio-families-1r-deso\/\" title=\"Read Resum de la reuni\u00f3 fam\u00edlies 1r d&#8217;ESO\">Llegeix m\u00e9s\u00bb<\/a><\/p>\n","protected":false},"author":1,"featured_media":4259,"comment_status":"open","ping_status":"closed","sticky":false,"template":"","format":"standard","meta":{"_bbp_topic_count":0,"_bbp_reply_count":0,"_bbp_total_topic_count":0,"_bbp_total_reply_count":0,"_bbp_voice_count":0,"_bbp_anonymous_reply_count":0,"_bbp_topic_count_hidden":0,"_bbp_reply_count_hidden":0,"_bbp_forum_subforum_count":0,"footnotes":""},"categories":[140,31,3,1,29],"tags":[],"class_list":["post-4258","post","type-post","status-publish","format-standard","has-post-thumbnail","hentry","category-1-eso","category-ampa","category-eso","category-general","category-portada"],"post_mailing_queue_ids":[],"_links":{"self":[{"href":"https:\/\/agora.xtec.cat\/iespaucasals-badalona\/wp-json\/wp\/v2\/posts\/4258","targetHints":{"allow":["GET"]}}],"collection":[{"href":"https:\/\/agora.xtec.cat\/iespaucasals-badalona\/wp-json\/wp\/v2\/posts"}],"about":[{"href":"https:\/\/agora.xtec.cat\/iespaucasals-badalona\/wp-json\/wp\/v2\/types\/post"}],"author":[{"embeddable":true,"href":"https:\/\/agora.xtec.cat\/iespaucasals-badalona\/wp-json\/wp\/v2\/users\/1"}],"replies":[{"embeddable":true,"href":"https:\/\/agora.xtec.cat\/iespaucasals-badalona\/wp-json\/wp\/v2\/comments?post=4258"}],"version-history":[{"count":5,"href":"https:\/\/agora.xtec.cat\/iespaucasals-badalona\/wp-json\/wp\/v2\/posts\/4258\/revisions"}],"predecessor-version":[{"id":4272,"href":"https:\/\/agora.xtec.cat\/iespaucasals-badalona\/wp-json\/wp\/v2\/posts\/4258\/revisions\/4272"}],"wp:featuredmedia":[{"embeddable":true,"href":"https:\/\/agora.xtec.cat\/iespaucasals-badalona\/wp-json\/wp\/v2\/media\/4259"}],"wp:attachment":[{"href":"https:\/\/agora.xtec.cat\/iespaucasals-badalona\/wp-json\/wp\/v2\/media?parent=4258"}],"wp:term":[{"taxonomy":"category","embeddable":true,"href":"https:\/\/agora.xtec.cat\/iespaucasals-badalona\/wp-json\/wp\/v2\/categories?post=4258"},{"taxonomy":"post_tag","embeddable":true,"href":"https:\/\/agora.xtec.cat\/iespaucasals-badalona\/wp-json\/wp\/v2\/tags?post=4258"}],"curies":[{"name":"wp","href":"https:\/\/api.w.org\/{rel}","templated":true}]}}