{"id":4140,"date":"2025-06-25T13:00:05","date_gmt":"2025-06-25T11:00:05","guid":{"rendered":"https:\/\/agora.xtec.cat\/iespaucasals-badalona\/?p=4140"},"modified":"2025-10-23T16:05:51","modified_gmt":"2025-10-23T14:05:51","slug":"informacio-del-proces-de-preinscripcio-i-matricula-24-25","status":"publish","type":"post","link":"https:\/\/agora.xtec.cat\/iespaucasals-badalona\/general\/informacio-del-proces-de-preinscripcio-i-matricula-24-25\/","title":{"rendered":"Informaci\u00f3 del proc\u00e9s de preinscripci\u00f3 i matr\u00edcula 25\/26 (Actualitzat)"},"content":{"rendered":"<p>\ud83d\udca1<\/p>\n<p><a href=\"https:\/\/agora.xtec.cat\/iespaucasals-badalona\/wp-content\/uploads\/usu781\/2024\/03\/GENE_CONSTRUIM-FUTURS_BANNER_832x468_V03_Text.jpg\"><img loading=\"lazy\" decoding=\"async\" class=\"aligncenter size-medium wp-image-4350\" src=\"https:\/\/agora.xtec.cat\/iespaucasals-badalona\/wp-content\/uploads\/usu781\/2024\/03\/GENE_CONSTRUIM-FUTURS_BANNER_832x468_V03_Text-300x169.jpg\" alt=\"\" width=\"300\" height=\"169\" srcset=\"https:\/\/agora.xtec.cat\/iespaucasals-badalona\/wp-content\/uploads\/usu781\/2024\/03\/GENE_CONSTRUIM-FUTURS_BANNER_832x468_V03_Text-300x169.jpg 300w, https:\/\/agora.xtec.cat\/iespaucasals-badalona\/wp-content\/uploads\/usu781\/2024\/03\/GENE_CONSTRUIM-FUTURS_BANNER_832x468_V03_Text-768x432.jpg 768w, https:\/\/agora.xtec.cat\/iespaucasals-badalona\/wp-content\/uploads\/usu781\/2024\/03\/GENE_CONSTRUIM-FUTURS_BANNER_832x468_V03_Text.jpg 833w\" sizes=\"auto, (max-width: 300px) 100vw, 300px\" \/><\/a><\/p>\n<table style=\"height: 9px; width: 72.5451%; border-collapse: collapse; border-style: solid; border-color: #f01111; background-color: #ebb2b2;\">\n<tbody>\n<tr>\n<td style=\"width: 100%;\"><strong><span style=\"color: #ff0000;\">\u00a0\ud83d\udca1 PER FORMALITZAR LA MATR\u00cdCULA HEU DE TRUCAR AL CENTRE I DEMANAR CITA PR\u00c8VIA \ud83d\udca1 <\/span><\/strong><\/td>\n<\/tr>\n<\/tbody>\n<\/table>\n<p><strong><a href=\"https:\/\/agora.xtec.cat\/iespaucasals-badalona\/wp-content\/uploads\/usu781\/2025\/04\/LLISTA_ESPERA-ESO.pdf\">LLISTA_ESPERA ESO<\/a><\/strong><\/p>\n<p><strong><a href=\"https:\/\/agora.xtec.cat\/iespaucasals-badalona\/wp-content\/uploads\/usu781\/2025\/04\/Documentacio-a-Presentar-Matricula-1r-ESO-2025-26.docx.pdf\">Documentaci\u00f3 a Presentar Matricula 1r ESO 2025-26.docx<\/a><\/strong><\/p>\n<p><strong><a href=\"https:\/\/agora.xtec.cat\/iespaucasals-badalona\/wp-content\/uploads\/usu781\/2025\/06\/Alumnes-assignats-al-centre-amb-indicacio-de-la-primera-peticio.pdf\" target=\"_blank\" rel=\"noopener\">Alumnes assignats al centre amb indicaci\u00f3 de la primera petici\u00f3<\/a><\/strong><\/p>\n<p><strong><a href=\"https:\/\/agora.xtec.cat\/iespaucasals-badalona\/wp-content\/uploads\/usu781\/2025\/04\/INFORME_OFERTA_OME_INFORME_OFERTA_DEFINITIVA.pdf\" target=\"_blank\" rel=\"noopener\">INFORME_OFERTA_OME_INFORME_OFERTA_DEFINITIVA<\/a><\/strong><\/p>\n<p style=\"text-align: justify;\">PUBLICACI\u00d3 OFERTA INICIAL DE PLACES \u21d2\u00a0 \u00a0<a href=\"https:\/\/agora.xtec.cat\/iespaucasals-badalona\/wp-content\/uploads\/usu781\/2024\/03\/INFORME_OFERTA_OME_INFORME_OFERTA-5-1.pdf\">OFERTA INICIAL DE PLACES 25_26<\/a><\/p>\n<p><strong>\u00a0\u27a1 Publicaci\u00f3 de la llista de sol\u00b7licituds que han demanat el centre i l&#8217;ensenyament en primera<\/strong><br \/>\n<strong>petici\u00f3 amb la puntuaci\u00f3 provisional a 24\/04\/2025 \ud83d\udca1 \u21d2 <a href=\"https:\/\/agora.xtec.cat\/iespaucasals-badalona\/wp-content\/uploads\/usu781\/2024\/03\/INFORME_BAREM_PROVISIONAL_BAREM-5.pdf\">INFORME_BAREM_PROVISIONAL_BAREM (5)<\/a><\/strong><\/p>\n<p>\u27a1 <strong>Publicaci\u00f3 de la llista de sol\u00b7licituds que han demanat el centre i l&#8217;ensenyament en primera<\/strong><br \/>\n<strong>petici\u00f3 amb la puntuaci\u00f3 DEFINITIVA, resoltes les reclamacions 05\/05\/2025<\/strong> \u00a0<strong><a href=\"https:\/\/agora.xtec.cat\/iespaucasals-badalona\/wp-content\/uploads\/usu781\/2025\/04\/INFORME_BAREM_RESOLTES_BAREM-2025_26.pdf\">INFORME_BAREM_RESOLTES_BAREM 2025_26<\/a><\/strong><\/p>\n<p><strong>\u00a0\u27a1 N\u00daMERO DE DESEMPAT PER A LA PREINSCRIPCI\u00d3:\u00a0 \u00a0 \u00a0 76261<\/strong><\/p>\n<p><strong>\u00a0\u27a1<\/strong><strong>\u00a0\u27a1<\/strong><strong> \u27a1\u00a0 <a href=\"https:\/\/agora.xtec.cat\/iespaucasals-badalona\/wp-content\/uploads\/usu781\/2025\/04\/INFORME_BAREM_DEFINITIU_BAREM-1.pdf\"><span style=\"color: #ff0000;\">INFORME_BAREM_DEFINITIU\u00a0<\/span> \ud83d\udca1 \ud83d\udca1 \ud83d\udca1 <\/a><\/strong><\/p>\n<p><em><strong>&#8212;&#8212;&#8212;&#8212;&#8212;&#8212;&#8212;&#8212;&#8212;&#8212;&#8212;&#8212;&#8212;&#8212;&#8212;&#8212;&#8212;PROC\u00c9S DE PREINSCRIPCI\u00d3&#8212;&#8212;&#8212;&#8212;&#8212;&#8212;&#8212;&#8212;&#8212;&#8212;&#8212;&#8212;&#8212;&#8212;&#8212;&#8212;&#8212;&#8212;&#8212;&#8211;<\/strong><\/em><\/p>\n<p>CRITERIS D&#8217;ADMISSI\u00d3 D&#8217;ALUMNAT. ZONA EDUCATIVA \u21d2\u00a0 <a href=\"https:\/\/agora.xtec.cat\/iespaucasals-badalona\/wp-content\/uploads\/usu781\/2024\/03\/planol-guia-educativa-2025-26.pdf\">planol-guia-educativa-2025-26<\/a><\/p>\n<p>ADSCRIPCI\u00d3 DE CENTRES DE PRIM\u00c0RIA A CENTRES D&#8217;ESO \u21d2\u00a0 <a href=\"https:\/\/agora.xtec.cat\/iespaucasals-badalona\/wp-content\/uploads\/usu781\/2024\/03\/adscripcio-centres-pri-eso-BAR.pdf\">Llistat escoles adscrites<\/a><\/p>\n<h5 style=\"font-weight: 400; text-align: left;\"><span style=\"color: #000000;\"><strong>RECOMANEM QUE VISIONEU ELS V\u00cdDEOS (del seg\u00fcent enlla\u00e7) I LLEGIU TOTA LA INFORMACI\u00d3 ABANS DE REALITZAR LA PREINSCRIPCI\u00d3<\/strong><\/span><\/h5>\n<p>&nbsp;<\/p>\n<p style=\"text-align: center;\"><span style=\"color: #ff6600;\"><strong><span style=\"text-decoration: underline;\"><a style=\"color: #ff6600; text-decoration: underline;\" href=\"https:\/\/preinscripcio.gencat.cat\/ca\/estudis\/eso\/inici\/\" target=\"_blank\" rel=\"noopener\" data-saferedirecturl=\"https:\/\/www.google.com\/url?q=https:\/\/preinscripcio.gencat.cat\/ca\/estudis\/eso\/inici\/&amp;source=gmail&amp;ust=1709719159410000&amp;usg=AOvVaw3Jan3DU0NogUuPTyjZ4Krr\">\u21d2\u00a0INFORMACI\u00d3 DEL PROC\u00c9S DE PREINSCRIPCI\u00d3 I MATR\u00cdCULA\u21d0<\/a><\/span><\/strong><\/span><\/p>\n<p>&nbsp;<\/p>\n<p><strong>INFORMACI\u00d3 IMPORTANT:<\/strong><\/p>\n<ol>\n<li><strong>Ja no existeixen les sol\u00b7licituds en format paper<\/strong>,\u00a0hauran\u00a0de\u00a0ser\u00a0electr\u00f2niques.<\/li>\n<li>Durant\u00a0el\u00a0per\u00edode\u00a0de\u00a0preinscripci\u00f3<strong>\u00a0n<\/strong><b>o<\/b><b>\u00a0<\/b><b>haureu de portar<\/b><b>\u00a0<\/b><b>cap<\/b><b>\u00a0<\/b><b>tipus de<\/b><b>\u00a0<\/b><b>documentaci\u00f3<\/b><b>\u00a0<\/b><b>presencialment al centre, l\u2019haureu d\u2019escanejar o fotografiar i adjuntar en el mateix<\/b><b>\u00a0<\/b><b>aplicatiu<\/b><b>\u00a0<\/b><b>de<\/b><b>\u00a0<\/b><b>la preinscripci\u00f3.<\/b><\/li>\n<\/ol>\n<p>&nbsp;<\/p>\n<p>Del 14 al 26 de mar\u00e7 podeu fer la sol\u00b7licitud en aquest <span style=\"text-decoration: underline;\"><strong><span style=\"color: #ff6600; text-decoration: underline;\"><a style=\"color: #ff6600; text-decoration: underline;\" href=\"https:\/\/preinscripcio.gencat.cat\/ca\/estudis\/eso\/preinscriute\/sollicitud\/\" target=\"_blank\" rel=\"noopener\" data-saferedirecturl=\"https:\/\/www.google.com\/url?q=https:\/\/preinscripcio.gencat.cat\/ca\/estudis\/eso\/preinscriute\/sollicitud\/&amp;source=gmail&amp;ust=1709719159410000&amp;usg=AOvVaw3qeCtrPGGagsABdr1uaCiB\">enlla\u00e7<\/a><\/span><\/strong><\/span><\/p>\n<p>Si voleu fer la preinscripci\u00f3 al nostre centre, heu de posar el codi\u00a0\u00a0<strong>08033869<\/strong>\u00a0a la primera opci\u00f3 de la sol\u00b7licitud.<\/p>\n<p>Si teniu dubtes podeu consultar les\u00a0<span style=\"text-decoration: underline;\"><strong><span style=\"color: #ff6600; text-decoration: underline;\"><a style=\"color: #ff6600; text-decoration: underline;\" href=\"https:\/\/preinscripcio.gencat.cat\/ca\/estudis\/eso\/ajuda\/dubtes-temes\/\" target=\"_blank\" rel=\"noopener\" data-saferedirecturl=\"https:\/\/www.google.com\/url?q=https:\/\/preinscripcio.gencat.cat\/ca\/estudis\/eso\/ajuda\/dubtes-temes\/&amp;source=gmail&amp;ust=1709719159410000&amp;usg=AOvVaw2qVleh63hXMMR1LMLzYFAQ\">preguntes freq\u00fcents<\/a><\/span><\/strong><\/span>\u00a0a la p\u00e0gina de la Generalitat.<\/p>\n<p style=\"text-align: center;\"><a href=\"https:\/\/preinscripcio.gencat.cat\/ca\/estudis\/eso\/informat\/calendari\/\" target=\"_blank\" rel=\"noopener\"><span style=\"text-decoration: underline;\"><strong><span style=\"color: #ff6600; text-decoration: underline;\">\u21d2CONEIX LES DATES CLAU\u21d0<\/span><\/strong><\/span><\/a><\/p>\n<p style=\"text-align: center;\"><a href=\"https:\/\/preinscripcio.gencat.cat\/ca\/estudis\/eso\/informat\/criteris-assignacio\/\" target=\"_blank\" rel=\"noopener\"><span style=\"text-decoration: underline;\"><strong><span style=\"color: #ff6600; text-decoration: underline;\">\u21d2CRITERIS D&#8217;ASSIGNACI\u00d3 DE PLA\u00c7A\u21d0<\/span><\/strong><\/span><\/a><\/p>\n","protected":false},"excerpt":{"rendered":"<p>Tota la informaci\u00f3 sobre el proc\u00e9s de matr\u00edcula (barem, llistes provisionals i definitives).&hellip;  <a href=\"https:\/\/agora.xtec.cat\/iespaucasals-badalona\/general\/informacio-del-proces-de-preinscripcio-i-matricula-24-25\/\" title=\"Read Informaci\u00f3 del proc\u00e9s de preinscripci\u00f3 i matr\u00edcula 25\/26 (Actualitzat)\">Llegeix m\u00e9s\u00bb<\/a><\/p>\n","protected":false},"author":1,"featured_media":4350,"comment_status":"open","ping_status":"closed","sticky":false,"template":"","format":"standard","meta":{"_bbp_topic_count":0,"_bbp_reply_count":0,"_bbp_total_topic_count":0,"_bbp_total_reply_count":0,"_bbp_voice_count":0,"_bbp_anonymous_reply_count":0,"_bbp_topic_count_hidden":0,"_bbp_reply_count_hidden":0,"_bbp_forum_subforum_count":0,"footnotes":""},"categories":[3,1,29],"tags":[],"class_list":["post-4140","post","type-post","status-publish","format-standard","has-post-thumbnail","hentry","category-eso","category-general","category-portada"],"post_mailing_queue_ids":[],"_links":{"self":[{"href":"https:\/\/agora.xtec.cat\/iespaucasals-badalona\/wp-json\/wp\/v2\/posts\/4140","targetHints":{"allow":["GET"]}}],"collection":[{"href":"https:\/\/agora.xtec.cat\/iespaucasals-badalona\/wp-json\/wp\/v2\/posts"}],"about":[{"href":"https:\/\/agora.xtec.cat\/iespaucasals-badalona\/wp-json\/wp\/v2\/types\/post"}],"author":[{"embeddable":true,"href":"https:\/\/agora.xtec.cat\/iespaucasals-badalona\/wp-json\/wp\/v2\/users\/1"}],"replies":[{"embeddable":true,"href":"https:\/\/agora.xtec.cat\/iespaucasals-badalona\/wp-json\/wp\/v2\/comments?post=4140"}],"version-history":[{"count":6,"href":"https:\/\/agora.xtec.cat\/iespaucasals-badalona\/wp-json\/wp\/v2\/posts\/4140\/revisions"}],"predecessor-version":[{"id":4558,"href":"https:\/\/agora.xtec.cat\/iespaucasals-badalona\/wp-json\/wp\/v2\/posts\/4140\/revisions\/4558"}],"wp:featuredmedia":[{"embeddable":true,"href":"https:\/\/agora.xtec.cat\/iespaucasals-badalona\/wp-json\/wp\/v2\/media\/4350"}],"wp:attachment":[{"href":"https:\/\/agora.xtec.cat\/iespaucasals-badalona\/wp-json\/wp\/v2\/media?parent=4140"}],"wp:term":[{"taxonomy":"category","embeddable":true,"href":"https:\/\/agora.xtec.cat\/iespaucasals-badalona\/wp-json\/wp\/v2\/categories?post=4140"},{"taxonomy":"post_tag","embeddable":true,"href":"https:\/\/agora.xtec.cat\/iespaucasals-badalona\/wp-json\/wp\/v2\/tags?post=4140"}],"curies":[{"name":"wp","href":"https:\/\/api.w.org\/{rel}","templated":true}]}}