{"id":4115,"date":"2024-02-01T15:18:06","date_gmt":"2024-02-01T14:18:06","guid":{"rendered":"https:\/\/agora.xtec.cat\/iespaucasals-badalona\/?p=4115"},"modified":"2024-02-26T10:12:00","modified_gmt":"2024-02-26T09:12:00","slug":"convocatoria-de-proves-graduat-geso","status":"publish","type":"post","link":"https:\/\/agora.xtec.cat\/iespaucasals-badalona\/general\/convocatoria-de-proves-graduat-geso\/","title":{"rendered":"Convocat\u00f2ria de proves graduat GESO"},"content":{"rendered":"<p>&nbsp;<\/p>\n<p style=\"text-align: center;\">Tota la informaci\u00f3 necess\u00e0ria per obtenir el t\u00edtol de GESO la trobar\u00e0s en el seg\u00fcent document:<\/p>\n<h2 style=\"text-align: center;\">\u21d3<\/h2>\n<h3 style=\"text-align: center;\"><a href=\"https:\/\/agora.xtec.cat\/iespaucasals-badalona\/wp-content\/uploads\/usu781\/2024\/02\/Carta-GESO-23-24.pdf\" target=\"_blank\" rel=\"noopener\">Carta GESO 23-24<\/a><\/h3>\n<p>&nbsp;<\/p>\n<p style=\"text-align: center;\">En quant a la informaci\u00f3 sobre els <strong>continguts, criteris d&#8217;avaluaci\u00f3 i calendari de les proves\u00a0<\/strong>la trobar\u00e0s en el seg\u00fcent document:<\/p>\n<h2 style=\"text-align: center;\">\u21d3<\/h2>\n<h3 style=\"text-align: center;\"><a href=\"https:\/\/agora.xtec.cat\/iespaucasals-badalona\/wp-content\/uploads\/usu781\/2024\/02\/CONTINGUTS-CRITERIS-DAVALUACIO-I-CALENDARI-GESO-24.pdf\" target=\"_blank\" rel=\"noopener\">CONTINGUTS, CRITERIS D\u2019AVALUACI\u00d3 I CALENDARI GESO 24<\/a><\/h3>\n<p>&nbsp;<\/p>\n<p>&nbsp;<\/p>\n<p>&nbsp;<\/p>\n<p>&nbsp;<\/p>\n","protected":false},"excerpt":{"rendered":"<p>Informaci\u00f3 per obtenir el t\u00edtol de GESO&hellip;  <a href=\"https:\/\/agora.xtec.cat\/iespaucasals-badalona\/general\/convocatoria-de-proves-graduat-geso\/\" title=\"Read Convocat\u00f2ria de proves graduat GESO\">Llegeix m\u00e9s\u00bb<\/a><\/p>\n","protected":false},"author":1,"featured_media":4117,"comment_status":"open","ping_status":"closed","sticky":false,"template":"","format":"standard","meta":{"_bbp_topic_count":0,"_bbp_reply_count":0,"_bbp_total_topic_count":0,"_bbp_total_reply_count":0,"_bbp_voice_count":0,"_bbp_anonymous_reply_count":0,"_bbp_topic_count_hidden":0,"_bbp_reply_count_hidden":0,"_bbp_forum_subforum_count":0,"footnotes":""},"categories":[3,1,29],"tags":[],"class_list":["post-4115","post","type-post","status-publish","format-standard","has-post-thumbnail","hentry","category-eso","category-general","category-portada"],"post_mailing_queue_ids":[],"_links":{"self":[{"href":"https:\/\/agora.xtec.cat\/iespaucasals-badalona\/wp-json\/wp\/v2\/posts\/4115","targetHints":{"allow":["GET"]}}],"collection":[{"href":"https:\/\/agora.xtec.cat\/iespaucasals-badalona\/wp-json\/wp\/v2\/posts"}],"about":[{"href":"https:\/\/agora.xtec.cat\/iespaucasals-badalona\/wp-json\/wp\/v2\/types\/post"}],"author":[{"embeddable":true,"href":"https:\/\/agora.xtec.cat\/iespaucasals-badalona\/wp-json\/wp\/v2\/users\/1"}],"replies":[{"embeddable":true,"href":"https:\/\/agora.xtec.cat\/iespaucasals-badalona\/wp-json\/wp\/v2\/comments?post=4115"}],"version-history":[{"count":5,"href":"https:\/\/agora.xtec.cat\/iespaucasals-badalona\/wp-json\/wp\/v2\/posts\/4115\/revisions"}],"predecessor-version":[{"id":4129,"href":"https:\/\/agora.xtec.cat\/iespaucasals-badalona\/wp-json\/wp\/v2\/posts\/4115\/revisions\/4129"}],"wp:featuredmedia":[{"embeddable":true,"href":"https:\/\/agora.xtec.cat\/iespaucasals-badalona\/wp-json\/wp\/v2\/media\/4117"}],"wp:attachment":[{"href":"https:\/\/agora.xtec.cat\/iespaucasals-badalona\/wp-json\/wp\/v2\/media?parent=4115"}],"wp:term":[{"taxonomy":"category","embeddable":true,"href":"https:\/\/agora.xtec.cat\/iespaucasals-badalona\/wp-json\/wp\/v2\/categories?post=4115"},{"taxonomy":"post_tag","embeddable":true,"href":"https:\/\/agora.xtec.cat\/iespaucasals-badalona\/wp-json\/wp\/v2\/tags?post=4115"}],"curies":[{"name":"wp","href":"https:\/\/api.w.org\/{rel}","templated":true}]}}