{"id":3600,"date":"2023-04-21T07:51:09","date_gmt":"2023-04-21T05:51:09","guid":{"rendered":"https:\/\/agora.xtec.cat\/iespaucasals-badalona\/?p=3600"},"modified":"2023-04-21T07:54:32","modified_gmt":"2023-04-21T05:54:32","slug":"tot-preparat-per-la-celebracio-de-sant-jordi","status":"publish","type":"post","link":"https:\/\/agora.xtec.cat\/iespaucasals-badalona\/general\/tot-preparat-per-la-celebracio-de-sant-jordi\/","title":{"rendered":"Tot preparat per la celebraci\u00f3 de Sant Jordi"},"content":{"rendered":"<p>Ja ho tenim tot preparat per celebrar el nostre Sant Jordi a l&#8217;institut. L&#8217;alumnat d&#8217;il\u00b7lustraci\u00f3 i visual i pl\u00e0stica han preparat una preciosa decoraci\u00f3, amb c\u00f2dex medieval i tot, i unes animacions d&#8217;all\u00f2 m\u00e9s xules.<\/p>\n<p><img loading=\"lazy\" decoding=\"async\" class=\"aligncenter size-medium wp-image-3602\" src=\"https:\/\/agora.xtec.cat\/iespaucasals-badalona\/wp-content\/uploads\/usu781\/2023\/04\/WhatsApp-Image-2023-04-21-at-07.08.59-1-225x300.jpeg\" alt=\"\" width=\"225\" height=\"300\" srcset=\"https:\/\/agora.xtec.cat\/iespaucasals-badalona\/wp-content\/uploads\/usu781\/2023\/04\/WhatsApp-Image-2023-04-21-at-07.08.59-1-225x300.jpeg 225w, https:\/\/agora.xtec.cat\/iespaucasals-badalona\/wp-content\/uploads\/usu781\/2023\/04\/WhatsApp-Image-2023-04-21-at-07.08.59-1-768x1024.jpeg 768w, https:\/\/agora.xtec.cat\/iespaucasals-badalona\/wp-content\/uploads\/usu781\/2023\/04\/WhatsApp-Image-2023-04-21-at-07.08.59-1-1152x1536.jpeg 1152w, https:\/\/agora.xtec.cat\/iespaucasals-badalona\/wp-content\/uploads\/usu781\/2023\/04\/WhatsApp-Image-2023-04-21-at-07.08.59-1.jpeg 1200w\" sizes=\"auto, (max-width: 225px) 100vw, 225px\" \/><img loading=\"lazy\" decoding=\"async\" class=\"aligncenter size-medium wp-image-3601\" src=\"https:\/\/agora.xtec.cat\/iespaucasals-badalona\/wp-content\/uploads\/usu781\/2023\/04\/WhatsApp-Image-2023-04-21-at-07.08.59-2-142x300.jpeg\" alt=\"\" width=\"142\" height=\"300\" srcset=\"https:\/\/agora.xtec.cat\/iespaucasals-badalona\/wp-content\/uploads\/usu781\/2023\/04\/WhatsApp-Image-2023-04-21-at-07.08.59-2-142x300.jpeg 142w, https:\/\/agora.xtec.cat\/iespaucasals-badalona\/wp-content\/uploads\/usu781\/2023\/04\/WhatsApp-Image-2023-04-21-at-07.08.59-2-484x1024.jpeg 484w, https:\/\/agora.xtec.cat\/iespaucasals-badalona\/wp-content\/uploads\/usu781\/2023\/04\/WhatsApp-Image-2023-04-21-at-07.08.59-2-727x1536.jpeg 727w, https:\/\/agora.xtec.cat\/iespaucasals-badalona\/wp-content\/uploads\/usu781\/2023\/04\/WhatsApp-Image-2023-04-21-at-07.08.59-2.jpeg 757w\" sizes=\"auto, (max-width: 142px) 100vw, 142px\" \/><img loading=\"lazy\" decoding=\"async\" class=\"aligncenter size-medium wp-image-3603\" src=\"https:\/\/agora.xtec.cat\/iespaucasals-badalona\/wp-content\/uploads\/usu781\/2023\/04\/WhatsApp-Image-2023-04-21-at-07.08.59-225x300.jpeg\" alt=\"\" width=\"225\" height=\"300\" srcset=\"https:\/\/agora.xtec.cat\/iespaucasals-badalona\/wp-content\/uploads\/usu781\/2023\/04\/WhatsApp-Image-2023-04-21-at-07.08.59-225x300.jpeg 225w, https:\/\/agora.xtec.cat\/iespaucasals-badalona\/wp-content\/uploads\/usu781\/2023\/04\/WhatsApp-Image-2023-04-21-at-07.08.59-768x1024.jpeg 768w, https:\/\/agora.xtec.cat\/iespaucasals-badalona\/wp-content\/uploads\/usu781\/2023\/04\/WhatsApp-Image-2023-04-21-at-07.08.59-1152x1536.jpeg 1152w, https:\/\/agora.xtec.cat\/iespaucasals-badalona\/wp-content\/uploads\/usu781\/2023\/04\/WhatsApp-Image-2023-04-21-at-07.08.59.jpeg 1200w\" sizes=\"auto, (max-width: 225px) 100vw, 225px\" \/><\/p>\n<p><img loading=\"lazy\" decoding=\"async\" class=\"aligncenter size-medium wp-image-3604\" src=\"https:\/\/agora.xtec.cat\/iespaucasals-badalona\/wp-content\/uploads\/usu781\/2023\/04\/karol-y-jiajun-2nD-1-1.gif\" alt=\"\" width=\"295\" height=\"221\" \/><\/p>\n<p>&nbsp;<\/p>\n<p><img loading=\"lazy\" decoding=\"async\" class=\"aligncenter size-medium wp-image-3608\" src=\"https:\/\/agora.xtec.cat\/iespaucasals-badalona\/wp-content\/uploads\/usu781\/2023\/04\/2C_AriadnaSamira-1.gif-1-300x225.gif\" alt=\"\" width=\"300\" height=\"225\" srcset=\"https:\/\/agora.xtec.cat\/iespaucasals-badalona\/wp-content\/uploads\/usu781\/2023\/04\/2C_AriadnaSamira-1.gif-1-300x225.gif 300w, https:\/\/agora.xtec.cat\/iespaucasals-badalona\/wp-content\/uploads\/usu781\/2023\/04\/2C_AriadnaSamira-1.gif-1-200x150.gif 200w\" sizes=\"auto, (max-width: 300px) 100vw, 300px\" \/><\/p>\n<p>&nbsp;<\/p>\n<p><img loading=\"lazy\" decoding=\"async\" class=\"aligncenter size-medium wp-image-3609\" src=\"https:\/\/agora.xtec.cat\/iespaucasals-badalona\/wp-content\/uploads\/usu781\/2023\/04\/23_alaeabraham-1-225x300.gif\" alt=\"\" width=\"225\" height=\"300\" \/><\/p>\n","protected":false},"excerpt":{"rendered":"<p>Ja ho tenim tot preparat per celebrar el nostre Sant Jordi a l&#8217;institut. L&#8217;alumnat d&#8217;il\u00b7lustraci\u00f3 i visual i pl\u00e0stica han preparat una preciosa decoraci\u00f3, amb c\u00f2dex medieval i tot, i unes animacions d&#8217;all\u00f2 m\u00e9s xules.<\/p>\n<p>&nbsp;<\/p>\n<p>&nbsp;<\/p>\n","protected":false},"author":1,"featured_media":3601,"comment_status":"open","ping_status":"closed","sticky":false,"template":"","format":"standard","meta":{"_bbp_topic_count":0,"_bbp_reply_count":0,"_bbp_total_topic_count":0,"_bbp_total_reply_count":0,"_bbp_voice_count":0,"_bbp_anonymous_reply_count":0,"_bbp_topic_count_hidden":0,"_bbp_reply_count_hidden":0,"_bbp_forum_subforum_count":0,"footnotes":""},"categories":[1,29],"tags":[],"class_list":["post-3600","post","type-post","status-publish","format-standard","has-post-thumbnail","hentry","category-general","category-portada"],"post_mailing_queue_ids":[],"_links":{"self":[{"href":"https:\/\/agora.xtec.cat\/iespaucasals-badalona\/wp-json\/wp\/v2\/posts\/3600","targetHints":{"allow":["GET"]}}],"collection":[{"href":"https:\/\/agora.xtec.cat\/iespaucasals-badalona\/wp-json\/wp\/v2\/posts"}],"about":[{"href":"https:\/\/agora.xtec.cat\/iespaucasals-badalona\/wp-json\/wp\/v2\/types\/post"}],"author":[{"embeddable":true,"href":"https:\/\/agora.xtec.cat\/iespaucasals-badalona\/wp-json\/wp\/v2\/users\/1"}],"replies":[{"embeddable":true,"href":"https:\/\/agora.xtec.cat\/iespaucasals-badalona\/wp-json\/wp\/v2\/comments?post=3600"}],"version-history":[{"count":2,"href":"https:\/\/agora.xtec.cat\/iespaucasals-badalona\/wp-json\/wp\/v2\/posts\/3600\/revisions"}],"predecessor-version":[{"id":3610,"href":"https:\/\/agora.xtec.cat\/iespaucasals-badalona\/wp-json\/wp\/v2\/posts\/3600\/revisions\/3610"}],"wp:featuredmedia":[{"embeddable":true,"href":"https:\/\/agora.xtec.cat\/iespaucasals-badalona\/wp-json\/wp\/v2\/media\/3601"}],"wp:attachment":[{"href":"https:\/\/agora.xtec.cat\/iespaucasals-badalona\/wp-json\/wp\/v2\/media?parent=3600"}],"wp:term":[{"taxonomy":"category","embeddable":true,"href":"https:\/\/agora.xtec.cat\/iespaucasals-badalona\/wp-json\/wp\/v2\/categories?post=3600"},{"taxonomy":"post_tag","embeddable":true,"href":"https:\/\/agora.xtec.cat\/iespaucasals-badalona\/wp-json\/wp\/v2\/tags?post=3600"}],"curies":[{"name":"wp","href":"https:\/\/api.w.org\/{rel}","templated":true}]}}