{"id":3560,"date":"2023-04-19T11:52:22","date_gmt":"2023-04-19T09:52:22","guid":{"rendered":"https:\/\/agora.xtec.cat\/iespaucasals-badalona\/?p=3560"},"modified":"2023-04-19T11:52:22","modified_gmt":"2023-04-19T09:52:22","slug":"viatge-destudis-a-franca","status":"publish","type":"post","link":"https:\/\/agora.xtec.cat\/iespaucasals-badalona\/general\/viatge-destudis-a-franca\/","title":{"rendered":"Viatge d&#8217;estudis a Fran\u00e7a"},"content":{"rendered":"<p>L&#8217;alumnat de franc\u00e8s de 1r, 2n i 3r d&#8217;ESO ha pogut gaudir d&#8217;un viatge d&#8217;estudis a Fran\u00e7a la setmana abans de les vacances de pasqua.<\/p>\n<p><img loading=\"lazy\" decoding=\"async\" class=\"aligncenter size-medium wp-image-3561\" src=\"https:\/\/agora.xtec.cat\/iespaucasals-badalona\/wp-content\/uploads\/usu781\/2023\/04\/IMG20230328152415-300x225.jpg\" alt=\"\" width=\"300\" height=\"225\" srcset=\"https:\/\/agora.xtec.cat\/iespaucasals-badalona\/wp-content\/uploads\/usu781\/2023\/04\/IMG20230328152415-300x225.jpg 300w, https:\/\/agora.xtec.cat\/iespaucasals-badalona\/wp-content\/uploads\/usu781\/2023\/04\/IMG20230328152415-1024x768.jpg 1024w, https:\/\/agora.xtec.cat\/iespaucasals-badalona\/wp-content\/uploads\/usu781\/2023\/04\/IMG20230328152415-768x576.jpg 768w, https:\/\/agora.xtec.cat\/iespaucasals-badalona\/wp-content\/uploads\/usu781\/2023\/04\/IMG20230328152415-1536x1152.jpg 1536w, https:\/\/agora.xtec.cat\/iespaucasals-badalona\/wp-content\/uploads\/usu781\/2023\/04\/IMG20230328152415-200x150.jpg 200w, https:\/\/agora.xtec.cat\/iespaucasals-badalona\/wp-content\/uploads\/usu781\/2023\/04\/IMG20230328152415.jpg 1600w\" sizes=\"auto, (max-width: 300px) 100vw, 300px\" \/> <img loading=\"lazy\" decoding=\"async\" class=\"aligncenter size-medium wp-image-3562\" src=\"https:\/\/agora.xtec.cat\/iespaucasals-badalona\/wp-content\/uploads\/usu781\/2023\/04\/IMG20230328162522-300x225.jpg\" alt=\"\" width=\"300\" height=\"225\" srcset=\"https:\/\/agora.xtec.cat\/iespaucasals-badalona\/wp-content\/uploads\/usu781\/2023\/04\/IMG20230328162522-300x225.jpg 300w, https:\/\/agora.xtec.cat\/iespaucasals-badalona\/wp-content\/uploads\/usu781\/2023\/04\/IMG20230328162522-1024x768.jpg 1024w, https:\/\/agora.xtec.cat\/iespaucasals-badalona\/wp-content\/uploads\/usu781\/2023\/04\/IMG20230328162522-768x576.jpg 768w, https:\/\/agora.xtec.cat\/iespaucasals-badalona\/wp-content\/uploads\/usu781\/2023\/04\/IMG20230328162522-1536x1152.jpg 1536w, https:\/\/agora.xtec.cat\/iespaucasals-badalona\/wp-content\/uploads\/usu781\/2023\/04\/IMG20230328162522-200x150.jpg 200w, https:\/\/agora.xtec.cat\/iespaucasals-badalona\/wp-content\/uploads\/usu781\/2023\/04\/IMG20230328162522.jpg 1600w\" sizes=\"auto, (max-width: 300px) 100vw, 300px\" \/> <img loading=\"lazy\" decoding=\"async\" class=\"aligncenter size-medium wp-image-3563\" src=\"https:\/\/agora.xtec.cat\/iespaucasals-badalona\/wp-content\/uploads\/usu781\/2023\/04\/IMG20230329101410-300x225.jpg\" alt=\"\" width=\"300\" height=\"225\" srcset=\"https:\/\/agora.xtec.cat\/iespaucasals-badalona\/wp-content\/uploads\/usu781\/2023\/04\/IMG20230329101410-300x225.jpg 300w, https:\/\/agora.xtec.cat\/iespaucasals-badalona\/wp-content\/uploads\/usu781\/2023\/04\/IMG20230329101410-1024x768.jpg 1024w, https:\/\/agora.xtec.cat\/iespaucasals-badalona\/wp-content\/uploads\/usu781\/2023\/04\/IMG20230329101410-768x576.jpg 768w, https:\/\/agora.xtec.cat\/iespaucasals-badalona\/wp-content\/uploads\/usu781\/2023\/04\/IMG20230329101410-1536x1152.jpg 1536w, https:\/\/agora.xtec.cat\/iespaucasals-badalona\/wp-content\/uploads\/usu781\/2023\/04\/IMG20230329101410-200x150.jpg 200w, https:\/\/agora.xtec.cat\/iespaucasals-badalona\/wp-content\/uploads\/usu781\/2023\/04\/IMG20230329101410.jpg 1600w\" sizes=\"auto, (max-width: 300px) 100vw, 300px\" \/> <img loading=\"lazy\" decoding=\"async\" class=\"aligncenter size-medium wp-image-3564\" src=\"https:\/\/agora.xtec.cat\/iespaucasals-badalona\/wp-content\/uploads\/usu781\/2023\/04\/IMG20230329113534-300x225.jpg\" alt=\"\" width=\"300\" height=\"225\" srcset=\"https:\/\/agora.xtec.cat\/iespaucasals-badalona\/wp-content\/uploads\/usu781\/2023\/04\/IMG20230329113534-300x225.jpg 300w, https:\/\/agora.xtec.cat\/iespaucasals-badalona\/wp-content\/uploads\/usu781\/2023\/04\/IMG20230329113534-1024x768.jpg 1024w, https:\/\/agora.xtec.cat\/iespaucasals-badalona\/wp-content\/uploads\/usu781\/2023\/04\/IMG20230329113534-768x576.jpg 768w, https:\/\/agora.xtec.cat\/iespaucasals-badalona\/wp-content\/uploads\/usu781\/2023\/04\/IMG20230329113534-1536x1152.jpg 1536w, https:\/\/agora.xtec.cat\/iespaucasals-badalona\/wp-content\/uploads\/usu781\/2023\/04\/IMG20230329113534-200x150.jpg 200w, https:\/\/agora.xtec.cat\/iespaucasals-badalona\/wp-content\/uploads\/usu781\/2023\/04\/IMG20230329113534.jpg 1600w\" sizes=\"auto, (max-width: 300px) 100vw, 300px\" \/> <img loading=\"lazy\" decoding=\"async\" class=\"aligncenter size-medium wp-image-3565\" src=\"https:\/\/agora.xtec.cat\/iespaucasals-badalona\/wp-content\/uploads\/usu781\/2023\/04\/IMG20230329115639-300x225.jpg\" alt=\"\" width=\"300\" height=\"225\" srcset=\"https:\/\/agora.xtec.cat\/iespaucasals-badalona\/wp-content\/uploads\/usu781\/2023\/04\/IMG20230329115639-300x225.jpg 300w, https:\/\/agora.xtec.cat\/iespaucasals-badalona\/wp-content\/uploads\/usu781\/2023\/04\/IMG20230329115639-1024x768.jpg 1024w, https:\/\/agora.xtec.cat\/iespaucasals-badalona\/wp-content\/uploads\/usu781\/2023\/04\/IMG20230329115639-768x576.jpg 768w, https:\/\/agora.xtec.cat\/iespaucasals-badalona\/wp-content\/uploads\/usu781\/2023\/04\/IMG20230329115639-1536x1152.jpg 1536w, https:\/\/agora.xtec.cat\/iespaucasals-badalona\/wp-content\/uploads\/usu781\/2023\/04\/IMG20230329115639-200x150.jpg 200w, https:\/\/agora.xtec.cat\/iespaucasals-badalona\/wp-content\/uploads\/usu781\/2023\/04\/IMG20230329115639.jpg 1600w\" sizes=\"auto, (max-width: 300px) 100vw, 300px\" \/> <img loading=\"lazy\" decoding=\"async\" class=\"aligncenter size-medium wp-image-3566\" src=\"https:\/\/agora.xtec.cat\/iespaucasals-badalona\/wp-content\/uploads\/usu781\/2023\/04\/IMG20230329151928-300x225.jpg\" alt=\"\" width=\"300\" height=\"225\" srcset=\"https:\/\/agora.xtec.cat\/iespaucasals-badalona\/wp-content\/uploads\/usu781\/2023\/04\/IMG20230329151928-300x225.jpg 300w, https:\/\/agora.xtec.cat\/iespaucasals-badalona\/wp-content\/uploads\/usu781\/2023\/04\/IMG20230329151928-1024x768.jpg 1024w, https:\/\/agora.xtec.cat\/iespaucasals-badalona\/wp-content\/uploads\/usu781\/2023\/04\/IMG20230329151928-768x576.jpg 768w, https:\/\/agora.xtec.cat\/iespaucasals-badalona\/wp-content\/uploads\/usu781\/2023\/04\/IMG20230329151928-1536x1152.jpg 1536w, https:\/\/agora.xtec.cat\/iespaucasals-badalona\/wp-content\/uploads\/usu781\/2023\/04\/IMG20230329151928-200x150.jpg 200w, https:\/\/agora.xtec.cat\/iespaucasals-badalona\/wp-content\/uploads\/usu781\/2023\/04\/IMG20230329151928.jpg 1600w\" sizes=\"auto, (max-width: 300px) 100vw, 300px\" \/> <img loading=\"lazy\" decoding=\"async\" class=\"aligncenter size-medium wp-image-3567\" src=\"https:\/\/agora.xtec.cat\/iespaucasals-badalona\/wp-content\/uploads\/usu781\/2023\/04\/IMG20230330113947-300x225.jpg\" alt=\"\" width=\"300\" height=\"225\" srcset=\"https:\/\/agora.xtec.cat\/iespaucasals-badalona\/wp-content\/uploads\/usu781\/2023\/04\/IMG20230330113947-300x225.jpg 300w, https:\/\/agora.xtec.cat\/iespaucasals-badalona\/wp-content\/uploads\/usu781\/2023\/04\/IMG20230330113947-1024x768.jpg 1024w, https:\/\/agora.xtec.cat\/iespaucasals-badalona\/wp-content\/uploads\/usu781\/2023\/04\/IMG20230330113947-768x576.jpg 768w, https:\/\/agora.xtec.cat\/iespaucasals-badalona\/wp-content\/uploads\/usu781\/2023\/04\/IMG20230330113947-1536x1152.jpg 1536w, https:\/\/agora.xtec.cat\/iespaucasals-badalona\/wp-content\/uploads\/usu781\/2023\/04\/IMG20230330113947-200x150.jpg 200w, https:\/\/agora.xtec.cat\/iespaucasals-badalona\/wp-content\/uploads\/usu781\/2023\/04\/IMG20230330113947.jpg 1600w\" sizes=\"auto, (max-width: 300px) 100vw, 300px\" \/> <img loading=\"lazy\" decoding=\"async\" class=\"aligncenter size-medium wp-image-3568\" src=\"https:\/\/agora.xtec.cat\/iespaucasals-badalona\/wp-content\/uploads\/usu781\/2023\/04\/IMG20230330124534-300x225.jpg\" alt=\"\" width=\"300\" height=\"225\" srcset=\"https:\/\/agora.xtec.cat\/iespaucasals-badalona\/wp-content\/uploads\/usu781\/2023\/04\/IMG20230330124534-300x225.jpg 300w, https:\/\/agora.xtec.cat\/iespaucasals-badalona\/wp-content\/uploads\/usu781\/2023\/04\/IMG20230330124534-1024x768.jpg 1024w, https:\/\/agora.xtec.cat\/iespaucasals-badalona\/wp-content\/uploads\/usu781\/2023\/04\/IMG20230330124534-768x576.jpg 768w, https:\/\/agora.xtec.cat\/iespaucasals-badalona\/wp-content\/uploads\/usu781\/2023\/04\/IMG20230330124534-1536x1152.jpg 1536w, https:\/\/agora.xtec.cat\/iespaucasals-badalona\/wp-content\/uploads\/usu781\/2023\/04\/IMG20230330124534-200x150.jpg 200w, https:\/\/agora.xtec.cat\/iespaucasals-badalona\/wp-content\/uploads\/usu781\/2023\/04\/IMG20230330124534.jpg 1600w\" sizes=\"auto, (max-width: 300px) 100vw, 300px\" \/> <img loading=\"lazy\" decoding=\"async\" class=\"aligncenter size-medium wp-image-3569\" src=\"https:\/\/agora.xtec.cat\/iespaucasals-badalona\/wp-content\/uploads\/usu781\/2023\/04\/IMG20230330140117-300x225.jpg\" alt=\"\" width=\"300\" height=\"225\" srcset=\"https:\/\/agora.xtec.cat\/iespaucasals-badalona\/wp-content\/uploads\/usu781\/2023\/04\/IMG20230330140117-300x225.jpg 300w, https:\/\/agora.xtec.cat\/iespaucasals-badalona\/wp-content\/uploads\/usu781\/2023\/04\/IMG20230330140117-1024x768.jpg 1024w, https:\/\/agora.xtec.cat\/iespaucasals-badalona\/wp-content\/uploads\/usu781\/2023\/04\/IMG20230330140117-768x576.jpg 768w, https:\/\/agora.xtec.cat\/iespaucasals-badalona\/wp-content\/uploads\/usu781\/2023\/04\/IMG20230330140117-1536x1152.jpg 1536w, https:\/\/agora.xtec.cat\/iespaucasals-badalona\/wp-content\/uploads\/usu781\/2023\/04\/IMG20230330140117-200x150.jpg 200w, https:\/\/agora.xtec.cat\/iespaucasals-badalona\/wp-content\/uploads\/usu781\/2023\/04\/IMG20230330140117.jpg 1600w\" sizes=\"auto, (max-width: 300px) 100vw, 300px\" \/> <img loading=\"lazy\" decoding=\"async\" class=\"aligncenter size-medium wp-image-3570\" src=\"https:\/\/agora.xtec.cat\/iespaucasals-badalona\/wp-content\/uploads\/usu781\/2023\/04\/IMG20230328144330-300x225.jpg\" alt=\"\" width=\"300\" height=\"225\" srcset=\"https:\/\/agora.xtec.cat\/iespaucasals-badalona\/wp-content\/uploads\/usu781\/2023\/04\/IMG20230328144330-300x225.jpg 300w, https:\/\/agora.xtec.cat\/iespaucasals-badalona\/wp-content\/uploads\/usu781\/2023\/04\/IMG20230328144330-1024x768.jpg 1024w, https:\/\/agora.xtec.cat\/iespaucasals-badalona\/wp-content\/uploads\/usu781\/2023\/04\/IMG20230328144330-768x576.jpg 768w, https:\/\/agora.xtec.cat\/iespaucasals-badalona\/wp-content\/uploads\/usu781\/2023\/04\/IMG20230328144330-1536x1152.jpg 1536w, https:\/\/agora.xtec.cat\/iespaucasals-badalona\/wp-content\/uploads\/usu781\/2023\/04\/IMG20230328144330-200x150.jpg 200w, https:\/\/agora.xtec.cat\/iespaucasals-badalona\/wp-content\/uploads\/usu781\/2023\/04\/IMG20230328144330.jpg 1600w\" sizes=\"auto, (max-width: 300px) 100vw, 300px\" \/><\/p>\n","protected":false},"excerpt":{"rendered":"<p>L&#8217;alumnat de franc\u00e8s de 1r, 2n i 3r d&#8217;ESO ha pogut gaudir d&#8217;un viatge d&#8217;estudis a Fran\u00e7a la setmana abans de les vacances de pasqua.<\/p>\n","protected":false},"author":1,"featured_media":3561,"comment_status":"open","ping_status":"closed","sticky":false,"template":"","format":"standard","meta":{"_bbp_topic_count":0,"_bbp_reply_count":0,"_bbp_total_topic_count":0,"_bbp_total_reply_count":0,"_bbp_voice_count":0,"_bbp_anonymous_reply_count":0,"_bbp_topic_count_hidden":0,"_bbp_reply_count_hidden":0,"_bbp_forum_subforum_count":0,"footnotes":""},"categories":[3,1,29],"tags":[],"class_list":["post-3560","post","type-post","status-publish","format-standard","has-post-thumbnail","hentry","category-eso","category-general","category-portada"],"post_mailing_queue_ids":[],"_links":{"self":[{"href":"https:\/\/agora.xtec.cat\/iespaucasals-badalona\/wp-json\/wp\/v2\/posts\/3560","targetHints":{"allow":["GET"]}}],"collection":[{"href":"https:\/\/agora.xtec.cat\/iespaucasals-badalona\/wp-json\/wp\/v2\/posts"}],"about":[{"href":"https:\/\/agora.xtec.cat\/iespaucasals-badalona\/wp-json\/wp\/v2\/types\/post"}],"author":[{"embeddable":true,"href":"https:\/\/agora.xtec.cat\/iespaucasals-badalona\/wp-json\/wp\/v2\/users\/1"}],"replies":[{"embeddable":true,"href":"https:\/\/agora.xtec.cat\/iespaucasals-badalona\/wp-json\/wp\/v2\/comments?post=3560"}],"version-history":[{"count":1,"href":"https:\/\/agora.xtec.cat\/iespaucasals-badalona\/wp-json\/wp\/v2\/posts\/3560\/revisions"}],"predecessor-version":[{"id":3571,"href":"https:\/\/agora.xtec.cat\/iespaucasals-badalona\/wp-json\/wp\/v2\/posts\/3560\/revisions\/3571"}],"wp:featuredmedia":[{"embeddable":true,"href":"https:\/\/agora.xtec.cat\/iespaucasals-badalona\/wp-json\/wp\/v2\/media\/3561"}],"wp:attachment":[{"href":"https:\/\/agora.xtec.cat\/iespaucasals-badalona\/wp-json\/wp\/v2\/media?parent=3560"}],"wp:term":[{"taxonomy":"category","embeddable":true,"href":"https:\/\/agora.xtec.cat\/iespaucasals-badalona\/wp-json\/wp\/v2\/categories?post=3560"},{"taxonomy":"post_tag","embeddable":true,"href":"https:\/\/agora.xtec.cat\/iespaucasals-badalona\/wp-json\/wp\/v2\/tags?post=3560"}],"curies":[{"name":"wp","href":"https:\/\/api.w.org\/{rel}","templated":true}]}}