{"id":3468,"date":"2023-02-24T11:56:49","date_gmt":"2023-02-24T10:56:49","guid":{"rendered":"https:\/\/agora.xtec.cat\/iespaucasals-badalona\/?p=3468"},"modified":"2023-02-24T11:57:43","modified_gmt":"2023-02-24T10:57:43","slug":"tardes-cientifiques-per-alumnat-de-primaria","status":"publish","type":"post","link":"https:\/\/agora.xtec.cat\/iespaucasals-badalona\/general\/tardes-cientifiques-per-alumnat-de-primaria\/","title":{"rendered":"Tardes Cient\u00edfiques per alumnat de prim\u00e0ria"},"content":{"rendered":"<div><i>El passat dimecres 22 de febrer van finalitzar les Tardes Cient\u00edfiques\u00a0orientades a alumnes de prim\u00e0ria. Van participar les Escoles: Miguel Hern\u00e1ndez, Joan Mir\u00f3\u00a0i Pau Picasso.<\/i><\/div>\n<div><\/div>\n<div>\n<div><i>En aquestes jornades tamb\u00e9 han col\u00b7laborat\u00a0 alumnes de 1r de Batxillerat. Tant els nostres alumnes com els de prim\u00e0ria han gaudir d&#8217;aquesta experi\u00e8ncia.<\/i><\/div>\n<\/div>\n<div><\/div>\n<div><img loading=\"lazy\" decoding=\"async\" class=\"aligncenter size-medium wp-image-3469\" src=\"https:\/\/agora.xtec.cat\/iespaucasals-badalona\/wp-content\/uploads\/usu781\/2023\/02\/IMG_6934-225x300.jpg\" alt=\"\" width=\"225\" height=\"300\" srcset=\"https:\/\/agora.xtec.cat\/iespaucasals-badalona\/wp-content\/uploads\/usu781\/2023\/02\/IMG_6934-225x300.jpg 225w, https:\/\/agora.xtec.cat\/iespaucasals-badalona\/wp-content\/uploads\/usu781\/2023\/02\/IMG_6934-768x1023.jpg 768w, https:\/\/agora.xtec.cat\/iespaucasals-badalona\/wp-content\/uploads\/usu781\/2023\/02\/IMG_6934-1153x1536.jpg 1153w, https:\/\/agora.xtec.cat\/iespaucasals-badalona\/wp-content\/uploads\/usu781\/2023\/02\/IMG_6934-1537x2048.jpg 1537w, https:\/\/agora.xtec.cat\/iespaucasals-badalona\/wp-content\/uploads\/usu781\/2023\/02\/IMG_6934.jpg 1576w\" sizes=\"auto, (max-width: 225px) 100vw, 225px\" \/> <img loading=\"lazy\" decoding=\"async\" class=\"aligncenter size-medium wp-image-3470\" src=\"https:\/\/agora.xtec.cat\/iespaucasals-badalona\/wp-content\/uploads\/usu781\/2023\/02\/IMG_6930barco1-225x300.jpg\" alt=\"\" width=\"225\" height=\"300\" srcset=\"https:\/\/agora.xtec.cat\/iespaucasals-badalona\/wp-content\/uploads\/usu781\/2023\/02\/IMG_6930barco1-225x300.jpg 225w, https:\/\/agora.xtec.cat\/iespaucasals-badalona\/wp-content\/uploads\/usu781\/2023\/02\/IMG_6930barco1-rotated.jpg 756w\" sizes=\"auto, (max-width: 225px) 100vw, 225px\" \/><\/div>\n","protected":false},"excerpt":{"rendered":"<p>El passat dimecres 22 de febrer van finalitzar les Tardes Cient\u00edfiques\u00a0orientades a alumnes de prim\u00e0ria. Van participar les Escoles: Miguel Hern\u00e1ndez, Joan Mir\u00f3\u00a0i Pau Picasso.<\/p>\n<p>En aquestes jornades tamb\u00e9 han col\u00b7laborat\u00a0 alumnes de 1r de Batxillerat. Tant els nostres alumnes com els de prim\u00e0ria han gaudir&hellip;  <a href=\"https:\/\/agora.xtec.cat\/iespaucasals-badalona\/general\/tardes-cientifiques-per-alumnat-de-primaria\/\" title=\"Read Tardes Cient\u00edfiques per alumnat de prim\u00e0ria\">Llegeix m\u00e9s\u00bb<\/a><\/p>\n","protected":false},"author":1,"featured_media":3470,"comment_status":"open","ping_status":"closed","sticky":false,"template":"","format":"standard","meta":{"_bbp_topic_count":0,"_bbp_reply_count":0,"_bbp_total_topic_count":0,"_bbp_total_reply_count":0,"_bbp_voice_count":0,"_bbp_anonymous_reply_count":0,"_bbp_topic_count_hidden":0,"_bbp_reply_count_hidden":0,"_bbp_forum_subforum_count":0,"footnotes":""},"categories":[8,3,1,29],"tags":[],"class_list":["post-3468","post","type-post","status-publish","format-standard","has-post-thumbnail","hentry","category-batxillerat","category-eso","category-general","category-portada"],"post_mailing_queue_ids":[],"_links":{"self":[{"href":"https:\/\/agora.xtec.cat\/iespaucasals-badalona\/wp-json\/wp\/v2\/posts\/3468","targetHints":{"allow":["GET"]}}],"collection":[{"href":"https:\/\/agora.xtec.cat\/iespaucasals-badalona\/wp-json\/wp\/v2\/posts"}],"about":[{"href":"https:\/\/agora.xtec.cat\/iespaucasals-badalona\/wp-json\/wp\/v2\/types\/post"}],"author":[{"embeddable":true,"href":"https:\/\/agora.xtec.cat\/iespaucasals-badalona\/wp-json\/wp\/v2\/users\/1"}],"replies":[{"embeddable":true,"href":"https:\/\/agora.xtec.cat\/iespaucasals-badalona\/wp-json\/wp\/v2\/comments?post=3468"}],"version-history":[{"count":1,"href":"https:\/\/agora.xtec.cat\/iespaucasals-badalona\/wp-json\/wp\/v2\/posts\/3468\/revisions"}],"predecessor-version":[{"id":3471,"href":"https:\/\/agora.xtec.cat\/iespaucasals-badalona\/wp-json\/wp\/v2\/posts\/3468\/revisions\/3471"}],"wp:featuredmedia":[{"embeddable":true,"href":"https:\/\/agora.xtec.cat\/iespaucasals-badalona\/wp-json\/wp\/v2\/media\/3470"}],"wp:attachment":[{"href":"https:\/\/agora.xtec.cat\/iespaucasals-badalona\/wp-json\/wp\/v2\/media?parent=3468"}],"wp:term":[{"taxonomy":"category","embeddable":true,"href":"https:\/\/agora.xtec.cat\/iespaucasals-badalona\/wp-json\/wp\/v2\/categories?post=3468"},{"taxonomy":"post_tag","embeddable":true,"href":"https:\/\/agora.xtec.cat\/iespaucasals-badalona\/wp-json\/wp\/v2\/tags?post=3468"}],"curies":[{"name":"wp","href":"https:\/\/api.w.org\/{rel}","templated":true}]}}