{"id":3431,"date":"2023-01-30T09:54:01","date_gmt":"2023-01-30T08:54:01","guid":{"rendered":"https:\/\/agora.xtec.cat\/iespaucasals-badalona\/?p=3431"},"modified":"2023-02-08T17:05:02","modified_gmt":"2023-02-08T16:05:02","slug":"proves-per-obtenir-el-graduat-en-eso","status":"publish","type":"post","link":"https:\/\/agora.xtec.cat\/iespaucasals-badalona\/general\/proves-per-obtenir-el-graduat-en-eso\/","title":{"rendered":"Proves per obtenir el graduat en ESO (GESO)"},"content":{"rendered":"<p><span style=\"color: #000000; font-size: small;\">A aquestes proves nom\u00e9s\u00a0 pot presentar-se l&#8217;alumnat que al curs <b>2020-2021\u00a0<\/b> no va obtenir el t\u00edtol d&#8217;ESO per tenir pendents fins a un m\u00e0xim de 5 mat\u00e8ries suspeses<\/span><\/p>\n<h3 style=\"text-align: center;\"><a href=\"https:\/\/agora.xtec.cat\/iespaucasals-badalona\/wp-content\/uploads\/usu781\/2023\/01\/Informacio-proves-GESO.pdf\">Informacio proves GESO<\/a><\/h3>\n<h3 style=\"text-align: center;\"><a href=\"https:\/\/documents.espai.educacio.gencat.cat\/FormularisModels\/CentresGestioAcademica\/A665.pdf\">Acc\u00e9s a la sol\u00b7licitud d&#8217;inscripci\u00f3<\/a><\/h3>\n<h3 id=\":p3\" class=\"hP\" style=\"text-align: center;\" tabindex=\"-1\" data-thread-perm-id=\"thread-f:1757173912989851328\" data-legacy-thread-id=\"1862bc5d2c57dec0\"><a href=\"https:\/\/agora.xtec.cat\/iespaucasals-badalona\/wp-content\/uploads\/usu781\/2023\/01\/Proves-GESO-2023.docx-1.pdf\">Continguts, criteris avaluaci\u00f3 i calendari ex\u00e0mens proves GESO<\/a><\/h3>\n<p>&nbsp;<\/p>\n","protected":false},"excerpt":{"rendered":"<p>A aquestes proves nom\u00e9s\u00a0 pot presentar-se l&#8217;alumnat que al curs 2020-2021\u00a0 no va obtenir el t\u00edtol d&#8217;ESO per tenir pendents fins a un m\u00e0xim de 5 mat\u00e8ries suspeses<br \/>\n<a href=\"https:\/\/agora.xtec.cat\/iespaucasals-badalona\/wp-content\/uploads\/usu781\/2023\/01\/Informacio-proves-GESO.pdf\">Informacio proves GESO<\/a><br \/>\n<a href=\"https:\/\/documents.espai.educacio.gencat.cat\/FormularisModels\/CentresGestioAcademica\/A665.pdf\">Acc\u00e9s a la sol\u00b7licitud d&#8217;inscripci\u00f3<\/a><br \/>\n<a href=\"https:\/\/agora.xtec.cat\/iespaucasals-badalona\/wp-content\/uploads\/usu781\/2023\/01\/Proves-GESO-2023.docx-1.pdf\">Continguts, criteris avaluaci\u00f3 i calendari ex\u00e0mens proves GESO<\/a><br \/>\n&nbsp;<\/p>\n","protected":false},"author":1,"featured_media":0,"comment_status":"open","ping_status":"closed","sticky":false,"template":"","format":"standard","meta":{"_bbp_topic_count":0,"_bbp_reply_count":0,"_bbp_total_topic_count":0,"_bbp_total_reply_count":0,"_bbp_voice_count":0,"_bbp_anonymous_reply_count":0,"_bbp_topic_count_hidden":0,"_bbp_reply_count_hidden":0,"_bbp_forum_subforum_count":0,"footnotes":""},"categories":[3,1,29],"tags":[],"class_list":["post-3431","post","type-post","status-publish","format-standard","hentry","category-eso","category-general","category-portada"],"post_mailing_queue_ids":[],"_links":{"self":[{"href":"https:\/\/agora.xtec.cat\/iespaucasals-badalona\/wp-json\/wp\/v2\/posts\/3431","targetHints":{"allow":["GET"]}}],"collection":[{"href":"https:\/\/agora.xtec.cat\/iespaucasals-badalona\/wp-json\/wp\/v2\/posts"}],"about":[{"href":"https:\/\/agora.xtec.cat\/iespaucasals-badalona\/wp-json\/wp\/v2\/types\/post"}],"author":[{"embeddable":true,"href":"https:\/\/agora.xtec.cat\/iespaucasals-badalona\/wp-json\/wp\/v2\/users\/1"}],"replies":[{"embeddable":true,"href":"https:\/\/agora.xtec.cat\/iespaucasals-badalona\/wp-json\/wp\/v2\/comments?post=3431"}],"version-history":[{"count":3,"href":"https:\/\/agora.xtec.cat\/iespaucasals-badalona\/wp-json\/wp\/v2\/posts\/3431\/revisions"}],"predecessor-version":[{"id":3440,"href":"https:\/\/agora.xtec.cat\/iespaucasals-badalona\/wp-json\/wp\/v2\/posts\/3431\/revisions\/3440"}],"wp:attachment":[{"href":"https:\/\/agora.xtec.cat\/iespaucasals-badalona\/wp-json\/wp\/v2\/media?parent=3431"}],"wp:term":[{"taxonomy":"category","embeddable":true,"href":"https:\/\/agora.xtec.cat\/iespaucasals-badalona\/wp-json\/wp\/v2\/categories?post=3431"},{"taxonomy":"post_tag","embeddable":true,"href":"https:\/\/agora.xtec.cat\/iespaucasals-badalona\/wp-json\/wp\/v2\/tags?post=3431"}],"curies":[{"name":"wp","href":"https:\/\/api.w.org\/{rel}","templated":true}]}}