{"id":3280,"date":"2022-05-24T10:40:26","date_gmt":"2022-05-24T08:40:26","guid":{"rendered":"https:\/\/agora.xtec.cat\/iespaucasals-badalona\/?p=3280"},"modified":"2022-05-24T10:40:26","modified_gmt":"2022-05-24T08:40:26","slug":"visita-a-la-planta-potabilitzadora","status":"publish","type":"post","link":"https:\/\/agora.xtec.cat\/iespaucasals-badalona\/general\/visita-a-la-planta-potabilitzadora\/","title":{"rendered":"Visita a la Planta Potabilitzadora"},"content":{"rendered":"<p>El divendres 20 de maig un grup de CAAP de 4ESO va anar a visitar la Planta Potabilitzadora de Sant Joan Desp\u00ed. En aquesta planta situada als peus del Riu Llobregat es potabilitza gran part de l&#8217;aigua que arriba a les aixetes de tota l&#8217;\u00c0rea Metropolitana de Barcelona. L&#8217;aigua \u00e9s un recurs molt valu\u00f3s i potabilitzar-la implica consumir molta energia i productes qu\u00edmics. Fem-ne un \u00fas responsable!<\/p>\n","protected":false},"excerpt":{"rendered":"<p>El divendres 20 de maig un grup de CAAP de 4ESO va anar a visitar la Planta Potabilitzadora de Sant Joan Desp\u00ed. En aquesta planta situada als peus del Riu Llobregat es potabilitza gran part de l&#8217;aigua que arriba a les aixetes de tota l&#8217;\u00c0rea&hellip;  <a href=\"https:\/\/agora.xtec.cat\/iespaucasals-badalona\/general\/visita-a-la-planta-potabilitzadora\/\" title=\"Read Visita a la Planta Potabilitzadora\">Llegeix m\u00e9s\u00bb<\/a><\/p>\n","protected":false},"author":1,"featured_media":3281,"comment_status":"open","ping_status":"closed","sticky":false,"template":"","format":"standard","meta":{"_bbp_topic_count":0,"_bbp_reply_count":0,"_bbp_total_topic_count":0,"_bbp_total_reply_count":0,"_bbp_voice_count":0,"_bbp_anonymous_reply_count":0,"_bbp_topic_count_hidden":0,"_bbp_reply_count_hidden":0,"_bbp_forum_subforum_count":0,"footnotes":""},"categories":[144,1,29],"tags":[],"class_list":["post-3280","post","type-post","status-publish","format-standard","has-post-thumbnail","hentry","category-4-eso","category-general","category-portada"],"post_mailing_queue_ids":[],"_links":{"self":[{"href":"https:\/\/agora.xtec.cat\/iespaucasals-badalona\/wp-json\/wp\/v2\/posts\/3280","targetHints":{"allow":["GET"]}}],"collection":[{"href":"https:\/\/agora.xtec.cat\/iespaucasals-badalona\/wp-json\/wp\/v2\/posts"}],"about":[{"href":"https:\/\/agora.xtec.cat\/iespaucasals-badalona\/wp-json\/wp\/v2\/types\/post"}],"author":[{"embeddable":true,"href":"https:\/\/agora.xtec.cat\/iespaucasals-badalona\/wp-json\/wp\/v2\/users\/1"}],"replies":[{"embeddable":true,"href":"https:\/\/agora.xtec.cat\/iespaucasals-badalona\/wp-json\/wp\/v2\/comments?post=3280"}],"version-history":[{"count":1,"href":"https:\/\/agora.xtec.cat\/iespaucasals-badalona\/wp-json\/wp\/v2\/posts\/3280\/revisions"}],"predecessor-version":[{"id":3282,"href":"https:\/\/agora.xtec.cat\/iespaucasals-badalona\/wp-json\/wp\/v2\/posts\/3280\/revisions\/3282"}],"wp:featuredmedia":[{"embeddable":true,"href":"https:\/\/agora.xtec.cat\/iespaucasals-badalona\/wp-json\/wp\/v2\/media\/3281"}],"wp:attachment":[{"href":"https:\/\/agora.xtec.cat\/iespaucasals-badalona\/wp-json\/wp\/v2\/media?parent=3280"}],"wp:term":[{"taxonomy":"category","embeddable":true,"href":"https:\/\/agora.xtec.cat\/iespaucasals-badalona\/wp-json\/wp\/v2\/categories?post=3280"},{"taxonomy":"post_tag","embeddable":true,"href":"https:\/\/agora.xtec.cat\/iespaucasals-badalona\/wp-json\/wp\/v2\/tags?post=3280"}],"curies":[{"name":"wp","href":"https:\/\/api.w.org\/{rel}","templated":true}]}}