{"id":3272,"date":"2022-05-17T13:56:21","date_gmt":"2022-05-17T11:56:21","guid":{"rendered":"https:\/\/agora.xtec.cat\/iespaucasals-badalona\/?p=3272"},"modified":"2022-05-18T14:12:25","modified_gmt":"2022-05-18T12:12:25","slug":"festa-final-activitats-de-piscina-1r-eso","status":"publish","type":"post","link":"https:\/\/agora.xtec.cat\/iespaucasals-badalona\/general\/festa-final-activitats-de-piscina-1r-eso\/","title":{"rendered":"Festa final activitats de piscina 1r ESO"},"content":{"rendered":"<p>El dijous 12 de maig van finalitzar les sessions de nataci\u00f3 que dins de la mat\u00e8ria d&#8217;Educaci\u00f3 F\u00edsica, han realitzat els nostres alumnes en les instal.lacions del poliesportiu Sistrells, La Lidia i la Raquel, les professores de nataci\u00f3 ens indiquen que els alumnes han millorat notablement el seu nivell. La Nataci\u00f3 \u00e9s una de les activitats que ofereix l&#8217;Institut Pau Casals als nostres\u00a0 alumnes de 1r ESO.<\/p>\n","protected":false},"excerpt":{"rendered":"<p>El dijous 12 de maig van finalitzar les sessions de nataci\u00f3 que dins de la mat\u00e8ria d&#8217;Educaci\u00f3 F\u00edsica, han realitzat els nostres alumnes en les instal.lacions del poliesportiu Sistrells, La Lidia i la Raquel, les professores de nataci\u00f3 ens indiquen que els alumnes han millorat&hellip;  <a href=\"https:\/\/agora.xtec.cat\/iespaucasals-badalona\/general\/festa-final-activitats-de-piscina-1r-eso\/\" title=\"Read Festa final activitats de piscina 1r ESO\">Llegeix m\u00e9s\u00bb<\/a><\/p>\n","protected":false},"author":1,"featured_media":3273,"comment_status":"open","ping_status":"closed","sticky":false,"template":"","format":"standard","meta":{"_bbp_topic_count":0,"_bbp_reply_count":0,"_bbp_total_topic_count":0,"_bbp_total_reply_count":0,"_bbp_voice_count":0,"_bbp_anonymous_reply_count":0,"_bbp_topic_count_hidden":0,"_bbp_reply_count_hidden":0,"_bbp_forum_subforum_count":0,"footnotes":""},"categories":[140,3,1,29],"tags":[],"class_list":["post-3272","post","type-post","status-publish","format-standard","has-post-thumbnail","hentry","category-1-eso","category-eso","category-general","category-portada"],"post_mailing_queue_ids":[],"_links":{"self":[{"href":"https:\/\/agora.xtec.cat\/iespaucasals-badalona\/wp-json\/wp\/v2\/posts\/3272","targetHints":{"allow":["GET"]}}],"collection":[{"href":"https:\/\/agora.xtec.cat\/iespaucasals-badalona\/wp-json\/wp\/v2\/posts"}],"about":[{"href":"https:\/\/agora.xtec.cat\/iespaucasals-badalona\/wp-json\/wp\/v2\/types\/post"}],"author":[{"embeddable":true,"href":"https:\/\/agora.xtec.cat\/iespaucasals-badalona\/wp-json\/wp\/v2\/users\/1"}],"replies":[{"embeddable":true,"href":"https:\/\/agora.xtec.cat\/iespaucasals-badalona\/wp-json\/wp\/v2\/comments?post=3272"}],"version-history":[{"count":1,"href":"https:\/\/agora.xtec.cat\/iespaucasals-badalona\/wp-json\/wp\/v2\/posts\/3272\/revisions"}],"predecessor-version":[{"id":3274,"href":"https:\/\/agora.xtec.cat\/iespaucasals-badalona\/wp-json\/wp\/v2\/posts\/3272\/revisions\/3274"}],"wp:featuredmedia":[{"embeddable":true,"href":"https:\/\/agora.xtec.cat\/iespaucasals-badalona\/wp-json\/wp\/v2\/media\/3273"}],"wp:attachment":[{"href":"https:\/\/agora.xtec.cat\/iespaucasals-badalona\/wp-json\/wp\/v2\/media?parent=3272"}],"wp:term":[{"taxonomy":"category","embeddable":true,"href":"https:\/\/agora.xtec.cat\/iespaucasals-badalona\/wp-json\/wp\/v2\/categories?post=3272"},{"taxonomy":"post_tag","embeddable":true,"href":"https:\/\/agora.xtec.cat\/iespaucasals-badalona\/wp-json\/wp\/v2\/tags?post=3272"}],"curies":[{"name":"wp","href":"https:\/\/api.w.org\/{rel}","templated":true}]}}