{"id":3094,"date":"2021-10-31T18:34:49","date_gmt":"2021-10-31T17:34:49","guid":{"rendered":"https:\/\/agora.xtec.cat\/iespaucasals-badalona\/?p=3094"},"modified":"2021-11-02T18:49:12","modified_gmt":"2021-11-02T17:49:12","slug":"visita-a-la-biblioteca-de-lloreda","status":"publish","type":"post","link":"https:\/\/agora.xtec.cat\/iespaucasals-badalona\/general\/visita-a-la-biblioteca-de-lloreda\/","title":{"rendered":"Visita a la Biblioteca de Lloreda"},"content":{"rendered":"<p>El passat dia 21 d&#8217;octubre l&#8217;alumnat d&#8217;aula d&#8217;acollida i SIEI vam inaugurar les sortides d&#8217;aquest curs amb una visita a la Biblioteca de Lloreda. All\u00e0 ens van explicar tot el que podem fer amb els nostres carnets de la biblioteca i despr\u00e9s vam fer un taller de creaci\u00f3 de llibres. Va ser una jornada molt divertida on vam aprendre moltes coses<\/p>\n","protected":false},"excerpt":{"rendered":"<p>El passat dia 21 d&#8217;octubre l&#8217;alumnat d&#8217;aula d&#8217;acollida i SIEI vam inaugurar les sortides d&#8217;aquest curs amb una visita a la Biblioteca de Lloreda. All\u00e0 ens van explicar tot el que podem fer amb els nostres carnets de la biblioteca i despr\u00e9s vam fer un&hellip;  <a href=\"https:\/\/agora.xtec.cat\/iespaucasals-badalona\/general\/visita-a-la-biblioteca-de-lloreda\/\" title=\"Read Visita a la Biblioteca de Lloreda\">Llegeix m\u00e9s\u00bb<\/a><\/p>\n","protected":false},"author":1,"featured_media":3096,"comment_status":"open","ping_status":"closed","sticky":false,"template":"","format":"standard","meta":{"_bbp_topic_count":0,"_bbp_reply_count":0,"_bbp_total_topic_count":0,"_bbp_total_reply_count":0,"_bbp_voice_count":0,"_bbp_anonymous_reply_count":0,"_bbp_topic_count_hidden":0,"_bbp_reply_count_hidden":0,"_bbp_forum_subforum_count":0,"footnotes":""},"categories":[3,1,139,29],"tags":[],"class_list":["post-3094","post","type-post","status-publish","format-standard","has-post-thumbnail","hentry","category-eso","category-general","category-orientacio","category-portada"],"post_mailing_queue_ids":[],"_links":{"self":[{"href":"https:\/\/agora.xtec.cat\/iespaucasals-badalona\/wp-json\/wp\/v2\/posts\/3094","targetHints":{"allow":["GET"]}}],"collection":[{"href":"https:\/\/agora.xtec.cat\/iespaucasals-badalona\/wp-json\/wp\/v2\/posts"}],"about":[{"href":"https:\/\/agora.xtec.cat\/iespaucasals-badalona\/wp-json\/wp\/v2\/types\/post"}],"author":[{"embeddable":true,"href":"https:\/\/agora.xtec.cat\/iespaucasals-badalona\/wp-json\/wp\/v2\/users\/1"}],"replies":[{"embeddable":true,"href":"https:\/\/agora.xtec.cat\/iespaucasals-badalona\/wp-json\/wp\/v2\/comments?post=3094"}],"version-history":[{"count":1,"href":"https:\/\/agora.xtec.cat\/iespaucasals-badalona\/wp-json\/wp\/v2\/posts\/3094\/revisions"}],"predecessor-version":[{"id":3097,"href":"https:\/\/agora.xtec.cat\/iespaucasals-badalona\/wp-json\/wp\/v2\/posts\/3094\/revisions\/3097"}],"wp:featuredmedia":[{"embeddable":true,"href":"https:\/\/agora.xtec.cat\/iespaucasals-badalona\/wp-json\/wp\/v2\/media\/3096"}],"wp:attachment":[{"href":"https:\/\/agora.xtec.cat\/iespaucasals-badalona\/wp-json\/wp\/v2\/media?parent=3094"}],"wp:term":[{"taxonomy":"category","embeddable":true,"href":"https:\/\/agora.xtec.cat\/iespaucasals-badalona\/wp-json\/wp\/v2\/categories?post=3094"},{"taxonomy":"post_tag","embeddable":true,"href":"https:\/\/agora.xtec.cat\/iespaucasals-badalona\/wp-json\/wp\/v2\/tags?post=3094"}],"curies":[{"name":"wp","href":"https:\/\/api.w.org\/{rel}","templated":true}]}}