{"id":3058,"date":"2021-10-04T19:54:32","date_gmt":"2021-10-04T17:54:32","guid":{"rendered":"https:\/\/agora.xtec.cat\/iespaucasals-badalona\/?p=3058"},"modified":"2021-10-08T12:00:54","modified_gmt":"2021-10-08T10:00:54","slug":"sessions-post-it-aprendre-a-aprendre-i-xarxes-socials","status":"publish","type":"post","link":"https:\/\/agora.xtec.cat\/iespaucasals-badalona\/general\/sessions-post-it-aprendre-a-aprendre-i-xarxes-socials\/","title":{"rendered":"Sessions POSIT aprendre a aprendre i xarxes socials"},"content":{"rendered":"<p>Des del departament d&#8217;orientaci\u00f3 hem preparat unes entrades a tutoria per parlar de:<\/p>\n<ul>\n<li>Aprendre a aprendre.<\/li>\n<li>\u00das responsable de les xarxes socials.<\/li>\n<\/ul>\n<p>Avui m\u00e9s que mai es veu imprescindible consolidar la capacitat d&#8217;adaptar-se a noves situacions i nous contextos: els canvis socials, pol\u00edtics, tecnol\u00f2gics&#8230; es desenvolupen a un ritme accelerat que fa que les condicions que coneixeran els nostres alumnes en la seva etapa adulta siguin dif\u00edcils de preveure. Els aprenentatges actuals seran a la base dels seus coneixements futurs, per\u00f2 la majoria de continguts que podem incorporar ara quedaran obsolets i el cam\u00ed que recorreran \u00e9s imprevisible.<\/p>\n<p>L&#8217;activitat est\u00e0 destinada a l&#8217;alumnat de 1r,2n,3r i 4t d&#8217;ESO<\/p>\n","protected":false},"excerpt":{"rendered":"<p>Des del departament d&#8217;orientaci\u00f3 hem preparat unes entrades a tutoria per parlar de:<\/p>\n<ul>\n<li>Aprendre a aprendre.<\/li>\n<li>\u00das responsable de les xarxes socials.<\/li>\n<\/ul>\n<p>Avui m\u00e9s que mai es veu imprescindible consolidar la capacitat d&#8217;adaptar-se a noves situacions i nous contextos: els canvis socials, pol\u00edtics, tecnol\u00f2gics&#8230; es desenvolupen a un&hellip;  <a href=\"https:\/\/agora.xtec.cat\/iespaucasals-badalona\/general\/sessions-post-it-aprendre-a-aprendre-i-xarxes-socials\/\" title=\"Read Sessions POSIT aprendre a aprendre i xarxes socials\">Llegeix m\u00e9s\u00bb<\/a><\/p>\n","protected":false},"author":1,"featured_media":3071,"comment_status":"open","ping_status":"closed","sticky":false,"template":"","format":"standard","meta":{"_bbp_topic_count":0,"_bbp_reply_count":0,"_bbp_total_topic_count":0,"_bbp_total_reply_count":0,"_bbp_voice_count":0,"_bbp_anonymous_reply_count":0,"_bbp_topic_count_hidden":0,"_bbp_reply_count_hidden":0,"_bbp_forum_subforum_count":0,"footnotes":""},"categories":[3,1,29],"tags":[],"class_list":["post-3058","post","type-post","status-publish","format-standard","has-post-thumbnail","hentry","category-eso","category-general","category-portada"],"post_mailing_queue_ids":[],"_links":{"self":[{"href":"https:\/\/agora.xtec.cat\/iespaucasals-badalona\/wp-json\/wp\/v2\/posts\/3058","targetHints":{"allow":["GET"]}}],"collection":[{"href":"https:\/\/agora.xtec.cat\/iespaucasals-badalona\/wp-json\/wp\/v2\/posts"}],"about":[{"href":"https:\/\/agora.xtec.cat\/iespaucasals-badalona\/wp-json\/wp\/v2\/types\/post"}],"author":[{"embeddable":true,"href":"https:\/\/agora.xtec.cat\/iespaucasals-badalona\/wp-json\/wp\/v2\/users\/1"}],"replies":[{"embeddable":true,"href":"https:\/\/agora.xtec.cat\/iespaucasals-badalona\/wp-json\/wp\/v2\/comments?post=3058"}],"version-history":[{"count":2,"href":"https:\/\/agora.xtec.cat\/iespaucasals-badalona\/wp-json\/wp\/v2\/posts\/3058\/revisions"}],"predecessor-version":[{"id":3072,"href":"https:\/\/agora.xtec.cat\/iespaucasals-badalona\/wp-json\/wp\/v2\/posts\/3058\/revisions\/3072"}],"wp:featuredmedia":[{"embeddable":true,"href":"https:\/\/agora.xtec.cat\/iespaucasals-badalona\/wp-json\/wp\/v2\/media\/3071"}],"wp:attachment":[{"href":"https:\/\/agora.xtec.cat\/iespaucasals-badalona\/wp-json\/wp\/v2\/media?parent=3058"}],"wp:term":[{"taxonomy":"category","embeddable":true,"href":"https:\/\/agora.xtec.cat\/iespaucasals-badalona\/wp-json\/wp\/v2\/categories?post=3058"},{"taxonomy":"post_tag","embeddable":true,"href":"https:\/\/agora.xtec.cat\/iespaucasals-badalona\/wp-json\/wp\/v2\/tags?post=3058"}],"curies":[{"name":"wp","href":"https:\/\/api.w.org\/{rel}","templated":true}]}}