{"id":3015,"date":"2021-10-27T22:06:37","date_gmt":"2021-10-27T20:06:37","guid":{"rendered":"https:\/\/agora.xtec.cat\/iespaucasals-badalona\/?p=3015"},"modified":"2021-11-02T18:49:33","modified_gmt":"2021-11-02T17:49:33","slug":"xerrades-violencia-de-genere","status":"publish","type":"post","link":"https:\/\/agora.xtec.cat\/iespaucasals-badalona\/batxillerat\/xerrades-violencia-de-genere\/","title":{"rendered":"Xerrades sobre la viol\u00e8ncia de g\u00e8nere"},"content":{"rendered":"<p>Entre els dies 13 i 18 d&#8217;octubre dos agents de la Gu\u00e0rdia Urbana de Badalona del servei SAT (Servei d&#8217;Atenci\u00f3 a les V\u00edctimes) van fer les xerrades sobre la viol\u00e8ncia de g\u00e8nere. Les xerrades tenen una part m\u00e9s te\u00f2rica i una altra de m\u00e9s pr\u00e0ctica on es mostren personatges simulant diferents situacions.<\/p>\n<p>Recollint\u00a0<i>feed-back\u00a0<\/i>amb alumnat i tutors comentan que va estar molt b\u00e9. Els grups van demanar ampliar informaci\u00f3 i van adquirir aquesta informaci\u00f3.<\/p>\n<p>L&#8217;objectiu de les xerrades \u00e9s aprendre sobre q\u00fcestions relacionades amb la viol\u00e8ncia de g\u00e8nere, la viol\u00e8ncia dom\u00e8stica i tamb\u00e9 sobre les conseq\u00fc\u00e8ncies penals que la llei preveu en aquests casos de viol\u00e8ncia.<\/p>\n<p>&nbsp;<\/p>\n<p>&nbsp;<\/p>\n","protected":false},"excerpt":{"rendered":"<p>Entre els dies 13 i 18 d&#8217;octubre dos agents de la Gu\u00e0rdia Urbana de Badalona del servei SAT (Servei d&#8217;Atenci\u00f3 a les V\u00edctimes) van fer les xerrades sobre la viol\u00e8ncia de g\u00e8nere. Les xerrades tenen una part m\u00e9s te\u00f2rica i una altra de m\u00e9s pr\u00e0ctica&hellip;  <a href=\"https:\/\/agora.xtec.cat\/iespaucasals-badalona\/batxillerat\/xerrades-violencia-de-genere\/\" title=\"Read Xerrades sobre la viol\u00e8ncia de g\u00e8nere\">Llegeix m\u00e9s\u00bb<\/a><\/p>\n","protected":false},"author":1,"featured_media":3016,"comment_status":"open","ping_status":"closed","sticky":false,"template":"","format":"standard","meta":{"_bbp_topic_count":0,"_bbp_reply_count":0,"_bbp_total_topic_count":0,"_bbp_total_reply_count":0,"_bbp_voice_count":0,"_bbp_anonymous_reply_count":0,"_bbp_topic_count_hidden":0,"_bbp_reply_count_hidden":0,"_bbp_forum_subforum_count":0,"footnotes":""},"categories":[144,8,29],"tags":[],"class_list":["post-3015","post","type-post","status-publish","format-standard","has-post-thumbnail","hentry","category-4-eso","category-batxillerat","category-portada"],"post_mailing_queue_ids":[],"_links":{"self":[{"href":"https:\/\/agora.xtec.cat\/iespaucasals-badalona\/wp-json\/wp\/v2\/posts\/3015","targetHints":{"allow":["GET"]}}],"collection":[{"href":"https:\/\/agora.xtec.cat\/iespaucasals-badalona\/wp-json\/wp\/v2\/posts"}],"about":[{"href":"https:\/\/agora.xtec.cat\/iespaucasals-badalona\/wp-json\/wp\/v2\/types\/post"}],"author":[{"embeddable":true,"href":"https:\/\/agora.xtec.cat\/iespaucasals-badalona\/wp-json\/wp\/v2\/users\/1"}],"replies":[{"embeddable":true,"href":"https:\/\/agora.xtec.cat\/iespaucasals-badalona\/wp-json\/wp\/v2\/comments?post=3015"}],"version-history":[{"count":3,"href":"https:\/\/agora.xtec.cat\/iespaucasals-badalona\/wp-json\/wp\/v2\/posts\/3015\/revisions"}],"predecessor-version":[{"id":3092,"href":"https:\/\/agora.xtec.cat\/iespaucasals-badalona\/wp-json\/wp\/v2\/posts\/3015\/revisions\/3092"}],"wp:featuredmedia":[{"embeddable":true,"href":"https:\/\/agora.xtec.cat\/iespaucasals-badalona\/wp-json\/wp\/v2\/media\/3016"}],"wp:attachment":[{"href":"https:\/\/agora.xtec.cat\/iespaucasals-badalona\/wp-json\/wp\/v2\/media?parent=3015"}],"wp:term":[{"taxonomy":"category","embeddable":true,"href":"https:\/\/agora.xtec.cat\/iespaucasals-badalona\/wp-json\/wp\/v2\/categories?post=3015"},{"taxonomy":"post_tag","embeddable":true,"href":"https:\/\/agora.xtec.cat\/iespaucasals-badalona\/wp-json\/wp\/v2\/tags?post=3015"}],"curies":[{"name":"wp","href":"https:\/\/api.w.org\/{rel}","templated":true}]}}