{"id":285,"date":"2015-11-18T19:05:55","date_gmt":"2015-11-18T18:05:55","guid":{"rendered":"http:\/\/agora.xtec.cat\/iespaucasals-badalona\/general\/resultats-globals-de-les-proves-diagnostiques\/"},"modified":"2015-11-18T19:05:55","modified_gmt":"2015-11-18T18:05:55","slug":"resultats-globals-de-les-proves-diagnostiques","status":"publish","type":"post","link":"https:\/\/agora.xtec.cat\/iespaucasals-badalona\/general\/resultats-globals-de-les-proves-diagnostiques\/","title":{"rendered":"Resultats globals de les proves diagn\u00f2stiques"},"content":{"rendered":"<h3>Comparativa dels resultats globals dels tres \u00faltims cursos<\/h3>\n<p>A l&#8217;espai de treball <em><strong>Professorat \/ Espais de treball \/ Caps de dapartament<\/strong><\/em> de la barra de men\u00fas superior trobareu els documents amb els resultats de les proves diagn\u00f2stiques dels tres \u00faltims cursos aix\u00ed com el document amb el resum comparatiu dels resultats globals corresponents a cada curs. <\/p>\n","protected":false},"excerpt":{"rendered":"<p>Comparativa dels resultats globals dels tres \u00faltims cursos<br \/>\nA l&#8217;espai de treball Professorat \/ Espais de treball \/ Caps de dapartament de la barra de men\u00fas superior trobareu els documents amb els resultats de les proves diagn\u00f2stiques dels tres \u00faltims cursos aix\u00ed com el document amb&hellip;  <a href=\"https:\/\/agora.xtec.cat\/iespaucasals-badalona\/general\/resultats-globals-de-les-proves-diagnostiques\/\" title=\"Read Resultats globals de les proves diagn\u00f2stiques\">Llegeix m\u00e9s\u00bb<\/a><\/p>\n","protected":false},"author":1,"featured_media":0,"comment_status":"open","ping_status":"open","sticky":false,"template":"","format":"standard","meta":{"_bbp_topic_count":0,"_bbp_reply_count":0,"_bbp_total_topic_count":0,"_bbp_total_reply_count":0,"_bbp_voice_count":0,"_bbp_anonymous_reply_count":0,"_bbp_topic_count_hidden":0,"_bbp_reply_count_hidden":0,"_bbp_forum_subforum_count":0,"footnotes":""},"categories":[1],"tags":[60,63],"class_list":["post-285","post","type-post","status-publish","format-standard","hentry","category-general","tag-intraweb","tag-noticies"],"post_mailing_queue_ids":[],"_links":{"self":[{"href":"https:\/\/agora.xtec.cat\/iespaucasals-badalona\/wp-json\/wp\/v2\/posts\/285","targetHints":{"allow":["GET"]}}],"collection":[{"href":"https:\/\/agora.xtec.cat\/iespaucasals-badalona\/wp-json\/wp\/v2\/posts"}],"about":[{"href":"https:\/\/agora.xtec.cat\/iespaucasals-badalona\/wp-json\/wp\/v2\/types\/post"}],"author":[{"embeddable":true,"href":"https:\/\/agora.xtec.cat\/iespaucasals-badalona\/wp-json\/wp\/v2\/users\/1"}],"replies":[{"embeddable":true,"href":"https:\/\/agora.xtec.cat\/iespaucasals-badalona\/wp-json\/wp\/v2\/comments?post=285"}],"version-history":[{"count":0,"href":"https:\/\/agora.xtec.cat\/iespaucasals-badalona\/wp-json\/wp\/v2\/posts\/285\/revisions"}],"wp:attachment":[{"href":"https:\/\/agora.xtec.cat\/iespaucasals-badalona\/wp-json\/wp\/v2\/media?parent=285"}],"wp:term":[{"taxonomy":"category","embeddable":true,"href":"https:\/\/agora.xtec.cat\/iespaucasals-badalona\/wp-json\/wp\/v2\/categories?post=285"},{"taxonomy":"post_tag","embeddable":true,"href":"https:\/\/agora.xtec.cat\/iespaucasals-badalona\/wp-json\/wp\/v2\/tags?post=285"}],"curies":[{"name":"wp","href":"https:\/\/api.w.org\/{rel}","templated":true}]}}