{"id":2825,"date":"2021-05-05T19:06:04","date_gmt":"2021-05-05T17:06:04","guid":{"rendered":"http:\/\/agora.xtec.cat\/iespaucasals-badalona\/?p=2825"},"modified":"2021-05-05T19:06:38","modified_gmt":"2021-05-05T17:06:38","slug":"premi-sambori-2021-de-narrativa-escolar","status":"publish","type":"post","link":"https:\/\/agora.xtec.cat\/iespaucasals-badalona\/general\/premi-sambori-2021-de-narrativa-escolar\/","title":{"rendered":"Premi Sambori 2021 de narrativa escolar"},"content":{"rendered":"<p><a href=\"https:\/\/agora.xtec.cat\/iespaucasals-badalona\/wp-content\/uploads\/usu781\/2021\/05\/premi-SAMBORI-2021.jpg\"><img loading=\"lazy\" decoding=\"async\" class=\"aligncenter size-medium wp-image-2826\" src=\"https:\/\/agora.xtec.cat\/iespaucasals-badalona\/wp-content\/uploads\/usu781\/2021\/05\/premi-SAMBORI-2021-233x300.jpg\" alt=\"\" width=\"233\" height=\"300\" srcset=\"https:\/\/agora.xtec.cat\/iespaucasals-badalona\/wp-content\/uploads\/usu781\/2021\/05\/premi-SAMBORI-2021-233x300.jpg 233w, https:\/\/agora.xtec.cat\/iespaucasals-badalona\/wp-content\/uploads\/usu781\/2021\/05\/premi-SAMBORI-2021.jpg 690w\" sizes=\"auto, (max-width: 233px) 100vw, 233px\" \/><\/a><\/p>\n<p>El dia 28 d&#8217;abril l&#8217;alumna Inas Ahbiti, de primer de batxillerat, va recollir el diploma de finalista del Premi Sambori 2021 de narrativa escolar organitzat per \u00d2mnium Cultural de Badalona. En la recollida del guard\u00f3 la van acompanyar en Jordi Ruiz, coordinador pedag\u00f2gic de l&#8217;institut, i en Gerard Guerra, professor de llengua catalana i literatura de batxillerat. Des del centre, animem sempre els alumnes a cultivar la seva creativitat i ens fa molt contents have rebut aquesta distinci\u00f3.<\/p>\n","protected":false},"excerpt":{"rendered":"<p><a href=\"https:\/\/agora.xtec.cat\/iespaucasals-badalona\/wp-content\/uploads\/usu781\/2021\/05\/premi-SAMBORI-2021.jpg\"><\/a><br \/>\nEl dia 28 d&#8217;abril l&#8217;alumna Inas Ahbiti, de primer de batxillerat, va recollir el diploma de finalista del Premi Sambori 2021 de narrativa escolar organitzat per \u00d2mnium Cultural de Badalona. En la recollida del guard\u00f3 la van acompanyar en Jordi Ruiz, coordinador pedag\u00f2gic de&hellip;  <a href=\"https:\/\/agora.xtec.cat\/iespaucasals-badalona\/general\/premi-sambori-2021-de-narrativa-escolar\/\" title=\"Read Premi Sambori 2021 de narrativa escolar\">Llegeix m\u00e9s\u00bb<\/a><\/p>\n","protected":false},"author":1,"featured_media":2826,"comment_status":"open","ping_status":"closed","sticky":false,"template":"","format":"standard","meta":{"_bbp_topic_count":0,"_bbp_reply_count":0,"_bbp_total_topic_count":0,"_bbp_total_reply_count":0,"_bbp_voice_count":0,"_bbp_anonymous_reply_count":0,"_bbp_topic_count_hidden":0,"_bbp_reply_count_hidden":0,"_bbp_forum_subforum_count":0,"footnotes":""},"categories":[8,1,29],"tags":[],"class_list":["post-2825","post","type-post","status-publish","format-standard","has-post-thumbnail","hentry","category-batxillerat","category-general","category-portada"],"post_mailing_queue_ids":[],"_links":{"self":[{"href":"https:\/\/agora.xtec.cat\/iespaucasals-badalona\/wp-json\/wp\/v2\/posts\/2825","targetHints":{"allow":["GET"]}}],"collection":[{"href":"https:\/\/agora.xtec.cat\/iespaucasals-badalona\/wp-json\/wp\/v2\/posts"}],"about":[{"href":"https:\/\/agora.xtec.cat\/iespaucasals-badalona\/wp-json\/wp\/v2\/types\/post"}],"author":[{"embeddable":true,"href":"https:\/\/agora.xtec.cat\/iespaucasals-badalona\/wp-json\/wp\/v2\/users\/1"}],"replies":[{"embeddable":true,"href":"https:\/\/agora.xtec.cat\/iespaucasals-badalona\/wp-json\/wp\/v2\/comments?post=2825"}],"version-history":[{"count":1,"href":"https:\/\/agora.xtec.cat\/iespaucasals-badalona\/wp-json\/wp\/v2\/posts\/2825\/revisions"}],"predecessor-version":[{"id":2827,"href":"https:\/\/agora.xtec.cat\/iespaucasals-badalona\/wp-json\/wp\/v2\/posts\/2825\/revisions\/2827"}],"wp:featuredmedia":[{"embeddable":true,"href":"https:\/\/agora.xtec.cat\/iespaucasals-badalona\/wp-json\/wp\/v2\/media\/2826"}],"wp:attachment":[{"href":"https:\/\/agora.xtec.cat\/iespaucasals-badalona\/wp-json\/wp\/v2\/media?parent=2825"}],"wp:term":[{"taxonomy":"category","embeddable":true,"href":"https:\/\/agora.xtec.cat\/iespaucasals-badalona\/wp-json\/wp\/v2\/categories?post=2825"},{"taxonomy":"post_tag","embeddable":true,"href":"https:\/\/agora.xtec.cat\/iespaucasals-badalona\/wp-json\/wp\/v2\/tags?post=2825"}],"curies":[{"name":"wp","href":"https:\/\/api.w.org\/{rel}","templated":true}]}}