{"id":282,"date":"2015-11-18T19:05:55","date_gmt":"2015-11-18T18:05:55","guid":{"rendered":"http:\/\/agora.xtec.cat\/iespaucasals-badalona\/general\/activtat-de-formacio-delegats-i-sotsdelegats\/"},"modified":"2015-11-18T19:05:55","modified_gmt":"2015-11-18T18:05:55","slug":"activtat-de-formacio-delegats-i-sotsdelegats","status":"publish","type":"post","link":"https:\/\/agora.xtec.cat\/iespaucasals-badalona\/general\/activtat-de-formacio-delegats-i-sotsdelegats\/","title":{"rendered":"Activtat de formaci\u00f3 delegats i sotsdelegats"},"content":{"rendered":"<h3>Activitat de formaci\u00f3 per a delegats i sotsdelegats de 3r i 4t d&#8217;ESO<\/h3>\n<p>El <strong>dimecres dia 26 d&#8217;octubre d&#8217;11.30h a 12.30h<\/strong> est\u00e0 prevista una <strong>jornada de formaci\u00f3 per a delegats i sotsdelegats de 3r i 4t d&#8217;ESO<\/strong>. L&#8217;activitat es portar\u00e0 a terme a l&#8217;<strong>aula de m\u00fasica (segona planta)<\/strong> ja que \u00e9s una de les aules buides aquella hora. L&#8217;assist\u00e8ncia dels delegats i sotsdelegats est\u00e0 condicionada al vist-i-plau del professor\/a amb el que tinguin classe a aquesta hora i si no hi ha alguna activitat important a la que no puguin faltar (examen&#8230;)<\/p>\n<p> Recordeu, <strong>dimecres dia 26, a les 11.30h a l&#8217;aula de m\u00fasica<\/strong>.<\/p>\n","protected":false},"excerpt":{"rendered":"<p>Activitat de formaci\u00f3 per a delegats i sotsdelegats de 3r i 4t d&#8217;ESO<br \/>\nEl dimecres dia 26 d&#8217;octubre d&#8217;11.30h a 12.30h est\u00e0 prevista una jornada de formaci\u00f3 per a delegats i sotsdelegats de 3r i 4t d&#8217;ESO. L&#8217;activitat es portar\u00e0 a terme a l&#8217;aula de m\u00fasica&hellip;  <a href=\"https:\/\/agora.xtec.cat\/iespaucasals-badalona\/general\/activtat-de-formacio-delegats-i-sotsdelegats\/\" title=\"Read Activtat de formaci\u00f3 delegats i sotsdelegats\">Llegeix m\u00e9s\u00bb<\/a><\/p>\n","protected":false},"author":1,"featured_media":0,"comment_status":"open","ping_status":"open","sticky":false,"template":"","format":"standard","meta":{"_bbp_topic_count":0,"_bbp_reply_count":0,"_bbp_total_topic_count":0,"_bbp_total_reply_count":0,"_bbp_voice_count":0,"_bbp_anonymous_reply_count":0,"_bbp_topic_count_hidden":0,"_bbp_reply_count_hidden":0,"_bbp_forum_subforum_count":0,"footnotes":""},"categories":[1],"tags":[60,63],"class_list":["post-282","post","type-post","status-publish","format-standard","hentry","category-general","tag-intraweb","tag-noticies"],"post_mailing_queue_ids":[],"_links":{"self":[{"href":"https:\/\/agora.xtec.cat\/iespaucasals-badalona\/wp-json\/wp\/v2\/posts\/282","targetHints":{"allow":["GET"]}}],"collection":[{"href":"https:\/\/agora.xtec.cat\/iespaucasals-badalona\/wp-json\/wp\/v2\/posts"}],"about":[{"href":"https:\/\/agora.xtec.cat\/iespaucasals-badalona\/wp-json\/wp\/v2\/types\/post"}],"author":[{"embeddable":true,"href":"https:\/\/agora.xtec.cat\/iespaucasals-badalona\/wp-json\/wp\/v2\/users\/1"}],"replies":[{"embeddable":true,"href":"https:\/\/agora.xtec.cat\/iespaucasals-badalona\/wp-json\/wp\/v2\/comments?post=282"}],"version-history":[{"count":0,"href":"https:\/\/agora.xtec.cat\/iespaucasals-badalona\/wp-json\/wp\/v2\/posts\/282\/revisions"}],"wp:attachment":[{"href":"https:\/\/agora.xtec.cat\/iespaucasals-badalona\/wp-json\/wp\/v2\/media?parent=282"}],"wp:term":[{"taxonomy":"category","embeddable":true,"href":"https:\/\/agora.xtec.cat\/iespaucasals-badalona\/wp-json\/wp\/v2\/categories?post=282"},{"taxonomy":"post_tag","embeddable":true,"href":"https:\/\/agora.xtec.cat\/iespaucasals-badalona\/wp-json\/wp\/v2\/tags?post=282"}],"curies":[{"name":"wp","href":"https:\/\/api.w.org\/{rel}","templated":true}]}}