{"id":2606,"date":"2020-07-06T15:28:24","date_gmt":"2020-07-06T13:28:24","guid":{"rendered":"http:\/\/agora.xtec.cat\/iespaucasals-badalona\/?p=2606"},"modified":"2020-07-08T18:34:17","modified_gmt":"2020-07-08T16:34:17","slug":"matricula-1r-deso-1r-i-2n-de-batx","status":"publish","type":"post","link":"https:\/\/agora.xtec.cat\/iespaucasals-badalona\/general\/matricula-1r-deso-1r-i-2n-de-batx\/","title":{"rendered":"Matr\u00edcula 1r d&#8217;ESO \/ 1r i 2n de BATXILLERAT"},"content":{"rendered":"<h3 style=\"text-align: center;\"><em>MATR\u00cdCULA 1r ESO<\/em><\/h3>\n<p>&nbsp;<\/p>\n<p><em><strong>Podeu trobar la documentaci\u00f3 per a realitzar la matr\u00edcula de 1r d&#8217;ESO al seg\u00fcent <span style=\"color: #3366ff;\"><a style=\"color: #3366ff;\" href=\"https:\/\/agora.xtec.cat\/iespaucasals-badalona\/wp-content\/uploads\/usu781\/2020\/07\/doc.matricula-1ESO.pdf\" target=\"_blank\" rel=\"noopener noreferrer\">enlla\u00e7<\/a><\/span>. Cal concertar cita pr\u00e8via trucant al centre.<\/strong><\/em><\/p>\n<h3 style=\"text-align: center;\"><\/h3>\n<h3 style=\"text-align: center;\">_____________________________________________<\/h3>\n<h3 style=\"text-align: center;\"><\/h3>\n<p>&nbsp;<\/p>\n<h3 style=\"text-align: center;\"><em>MATR\u00cdCULA BATXILLERAT<\/em><\/h3>\n<p>&nbsp;<\/p>\n<p style=\"text-align: justify;\"><em><strong>Podeu trobar la documentaci\u00f3 per a realitzar la matr\u00edcula de BATX al seg\u00fcents enlla\u00e7os. Cal concertar cita pr\u00e8via trucant al centre o al <span style=\"color: #3366ff;\"><a style=\"color: #3366ff;\" href=\"https:\/\/aplicacions.gestioeducativa.gencat.cat\/pls\/apex\/f?p=CITA_PREVIA:4::::4:P4_TIPUS_CALENDARI,P4_DOMINI:03_BATX,08033869\" target=\"_blank\" rel=\"noopener noreferrer\">calendari on-line<\/a><\/span>.<\/strong><\/em><\/p>\n<h3 style=\"text-align: center;\"><\/h3>\n<h3 style=\"text-align: center;\"><strong><a href=\"https:\/\/agora.xtec.cat\/iespaucasals-badalona\/wp-content\/uploads\/usu781\/2020\/07\/doc.matricula-BATX.pdf\" target=\"_blank\" rel=\"noopener noreferrer\">matr\u00edcula 1r BATX<\/a><\/strong><\/h3>\n<h3 style=\"text-align: center;\"><strong><a href=\"https:\/\/agora.xtec.cat\/iespaucasals-badalona\/wp-content\/uploads\/usu781\/2020\/07\/doc.matricula-2n-Batx.pdf\" target=\"_blank\" rel=\"noopener noreferrer\">matr\u00edcula 2n BATX<\/a><\/strong><\/h3>\n<h3 style=\"text-align: center;\"><strong>______<\/strong><\/h3>\n<h3 style=\"text-align: center;\"><\/h3>\n<h3 style=\"text-align: center;\"><strong><a href=\"https:\/\/agora.xtec.cat\/iespaucasals-badalona\/wp-content\/uploads\/usu781\/2020\/07\/Tria-materies-1BATX.pdf\" target=\"_blank\" rel=\"noopener noreferrer\">tria de mat\u00e8ries 1r BATX<\/a><\/strong><\/h3>\n<h3 style=\"text-align: center;\"><strong><a href=\"https:\/\/agora.xtec.cat\/iespaucasals-badalona\/wp-content\/uploads\/usu781\/2020\/07\/Tria-mat\u00e8ries-2BATX.pdf\" target=\"_blank\" rel=\"noopener noreferrer\">tria de mat\u00e8ries\u00a0 2n BATX<\/a><\/strong><\/h3>\n<h3 style=\"text-align: center;\"><\/h3>\n<p style=\"text-align: center;\">\n","protected":false},"excerpt":{"rendered":"<p>Informaci\u00f3 i enlla\u00e7os per realitzar la matricula del curs 2020-2021.&hellip;  <a href=\"https:\/\/agora.xtec.cat\/iespaucasals-badalona\/general\/matricula-1r-deso-1r-i-2n-de-batx\/\" title=\"Read Matr\u00edcula 1r d&#8217;ESO \/ 1r i 2n de BATXILLERAT\">Llegeix m\u00e9s\u00bb<\/a><\/p>\n","protected":false},"author":1,"featured_media":2651,"comment_status":"open","ping_status":"closed","sticky":false,"template":"","format":"standard","meta":{"_bbp_topic_count":0,"_bbp_reply_count":0,"_bbp_total_topic_count":0,"_bbp_total_reply_count":0,"_bbp_voice_count":0,"_bbp_anonymous_reply_count":0,"_bbp_topic_count_hidden":0,"_bbp_reply_count_hidden":0,"_bbp_forum_subforum_count":0,"footnotes":""},"categories":[140,8,3,1,29],"tags":[],"class_list":["post-2606","post","type-post","status-publish","format-standard","has-post-thumbnail","hentry","category-1-eso","category-batxillerat","category-eso","category-general","category-portada"],"post_mailing_queue_ids":[],"_links":{"self":[{"href":"https:\/\/agora.xtec.cat\/iespaucasals-badalona\/wp-json\/wp\/v2\/posts\/2606","targetHints":{"allow":["GET"]}}],"collection":[{"href":"https:\/\/agora.xtec.cat\/iespaucasals-badalona\/wp-json\/wp\/v2\/posts"}],"about":[{"href":"https:\/\/agora.xtec.cat\/iespaucasals-badalona\/wp-json\/wp\/v2\/types\/post"}],"author":[{"embeddable":true,"href":"https:\/\/agora.xtec.cat\/iespaucasals-badalona\/wp-json\/wp\/v2\/users\/1"}],"replies":[{"embeddable":true,"href":"https:\/\/agora.xtec.cat\/iespaucasals-badalona\/wp-json\/wp\/v2\/comments?post=2606"}],"version-history":[{"count":3,"href":"https:\/\/agora.xtec.cat\/iespaucasals-badalona\/wp-json\/wp\/v2\/posts\/2606\/revisions"}],"predecessor-version":[{"id":2653,"href":"https:\/\/agora.xtec.cat\/iespaucasals-badalona\/wp-json\/wp\/v2\/posts\/2606\/revisions\/2653"}],"wp:featuredmedia":[{"embeddable":true,"href":"https:\/\/agora.xtec.cat\/iespaucasals-badalona\/wp-json\/wp\/v2\/media\/2651"}],"wp:attachment":[{"href":"https:\/\/agora.xtec.cat\/iespaucasals-badalona\/wp-json\/wp\/v2\/media?parent=2606"}],"wp:term":[{"taxonomy":"category","embeddable":true,"href":"https:\/\/agora.xtec.cat\/iespaucasals-badalona\/wp-json\/wp\/v2\/categories?post=2606"},{"taxonomy":"post_tag","embeddable":true,"href":"https:\/\/agora.xtec.cat\/iespaucasals-badalona\/wp-json\/wp\/v2\/tags?post=2606"}],"curies":[{"name":"wp","href":"https:\/\/api.w.org\/{rel}","templated":true}]}}