{"id":2599,"date":"2020-06-26T20:57:44","date_gmt":"2020-06-26T18:57:44","guid":{"rendered":"http:\/\/agora.xtec.cat\/iespaucasals-badalona\/?p=2599"},"modified":"2020-07-06T15:10:26","modified_gmt":"2020-07-06T13:10:26","slug":"aina-mena-rep-altre-premi-pel-seu-tr","status":"publish","type":"post","link":"https:\/\/agora.xtec.cat\/iespaucasals-badalona\/general\/aina-mena-rep-altre-premi-pel-seu-tr\/","title":{"rendered":"Aina Mena rep altre premi pel seu Treball de Recerca"},"content":{"rendered":"<p style=\"text-align: left;\">Si fa unes setmanes era la Societat Catalana de Qu\u00edmica <a href=\"https:\/\/agora.xtec.cat\/iespaucasals-badalona\/general\/aina-mena-guardonada-per-el-seu-treball-de-recerca\/\" target=\"_blank\" rel=\"noopener noreferrer\">qui concedia a Aina una menci\u00f3 honor\u00edfica <\/a>\u00a0pel seu treball de recerca, aquesta setmana ha estat la Universitat Aut\u00f2noma de Barcelona qui ha premiat a la nostra alumna de segon de batxillerat.<\/p>\n<p>El treball \u201c<em>Piles de Paper\u201d<\/em> ha rebut una menci\u00f3 honor\u00edfica en la 17a edici\u00f3 dels premis Arg\u00f3, uns guardons que concedeix la Universitat Aut\u00f2noma de Barcelona als millors treballs de recerca de tota Catalunya en diferents \u00e0mbits d\u2019investigaci\u00f3; Ci\u00e8ncies, Ci\u00e8ncies de la Salut, Tecnologia, Humanitats, Ci\u00e8ncies Socials i Arts. En aquest enlla\u00e7 podeu consultar la resoluci\u00f3 dels premis d\u2019aquest any.<\/p>\n<p><a href=\"https:\/\/www.uab.cat\/doc\/resolucio_17_premi_argo_batxillerat\" target=\"_blank\" rel=\"noopener noreferrer\">Resoluci\u00f3 del premis Arg\u00f3 2020<\/a><\/p>\n<p>Encara no es sap una data concreta per a l\u2019acte de lliurament del premi, per\u00f2 s\u2019espera que sigui al mes d\u2019octubre a la sala d\u2019actes de l\u2019edifici del Rectorat de la UAB.<\/p>\n<p>Aquests premis que ha rebut Aina procedents de diferents institucions, s\u00f3n una prova que el seu projecte consistent en el muntatge d\u2019una pila biodegradable i no contaminant, ha estat un dels millors treballs de recerca de tota Catalunya en el camp de les Ci\u00e8ncies. A m\u00e9s de ser un reconeixement d\u2019elevat prestigi al seu esfor\u00e7 i dedicaci\u00f3.<\/p>\n<p>Molt\u00edssimes felicitats Aina!!!<\/p>\n\r\n\t<div class=\"slideshow_container slideshow_container_style-light\" style=\"height: 300px; \" data-slideshow-id=\"2564\" data-style-name=\"style-light\" data-style-version=\"2.3.1\" >\r\n\r\n\t\t\t\t\t<div class=\"slideshow_loading_icon\"><\/div>\r\n\t\t\r\n\t\t<div class=\"slideshow_content\" style=\"display: none;\">\r\n\r\n\t\t\t<div class=\"slideshow_view\">\r\n\t\t\t\t<div class=\"slideshow_slide slideshow_slide_image\">\r\n\t\t\t\t\t\t\t\t\t\t\t<img src=\"https:\/\/agora.xtec.cat\/iespaucasals-badalona\/wp-content\/uploads\/usu781\/2020\/05\/esquema-de-la-pila-de-paper-1.png\" alt=\"esquema de la pila de paper (1)\" width=\"1174\" height=\"588\" \/>\r\n\t\t\t\t\t\t\t\t\t\t<div class=\"slideshow_description_box slideshow_transparent\">\r\n\t\t\t\t\t\t<div class=\"slideshow_title\">esquema de la pila de paper (1)<\/div>\t\t\t\t\t\t\t\t\t\t\t<\/div>\r\n\t\t\t\t<\/div>\r\n\r\n\t\t\t\t\t\t<div style=\"clear: both;\"><\/div><\/div><div class=\"slideshow_view\">\r\n\t\t\t\t<div class=\"slideshow_slide slideshow_slide_image\">\r\n\t\t\t\t\t\t\t\t\t\t\t<img src=\"https:\/\/agora.xtec.cat\/iespaucasals-badalona\/wp-content\/uploads\/usu781\/2020\/05\/part-experimental-de-la-pila-Daniell-I-3_opt.jpg\" alt=\"part experimental de la pila Daniell I (3)_opt\" width=\"400\" height=\"533\" \/>\r\n\t\t\t\t\t\t\t\t\t\t<div class=\"slideshow_description_box slideshow_transparent\">\r\n\t\t\t\t\t\t<div class=\"slideshow_title\">part experimental de la pila Daniell I (3)_opt<\/div>\t\t\t\t\t\t\t\t\t\t\t<\/div>\r\n\t\t\t\t<\/div>\r\n\r\n\t\t\t\t\t\t<div style=\"clear: both;\"><\/div><\/div><div class=\"slideshow_view\">\r\n\t\t\t\t<div class=\"slideshow_slide slideshow_slide_image\">\r\n\t\t\t\t\t\t\t\t\t\t\t<img src=\"https:\/\/agora.xtec.cat\/iespaucasals-badalona\/wp-content\/uploads\/usu781\/2020\/05\/part-experimental-de-la-pila-Daniell-II_opt.jpg\" alt=\"part experimental de la pila Daniell II_opt\" width=\"400\" height=\"533\" \/>\r\n\t\t\t\t\t\t\t\t\t\t<div class=\"slideshow_description_box slideshow_transparent\">\r\n\t\t\t\t\t\t<div class=\"slideshow_title\">part experimental de la pila Daniell II_opt<\/div>\t\t\t\t\t\t\t\t\t\t\t<\/div>\r\n\t\t\t\t<\/div>\r\n\r\n\t\t\t\t\t\t<div style=\"clear: both;\"><\/div><\/div><div class=\"slideshow_view\">\r\n\t\t\t\t<div class=\"slideshow_slide slideshow_slide_image\">\r\n\t\t\t\t\t\t\t\t\t\t\t<img src=\"https:\/\/agora.xtec.cat\/iespaucasals-badalona\/wp-content\/uploads\/usu781\/2020\/05\/proc\u00e9s-de-capil\u00b7laritat-de-la-pila-de-paper-1_opt.jpg\" alt=\"proc\u00e9s de capil\u00b7laritat de la pila de paper (1)_opt\" width=\"400\" height=\"400\" \/>\r\n\t\t\t\t\t\t\t\t\t\t<div class=\"slideshow_description_box slideshow_transparent\">\r\n\t\t\t\t\t\t<div class=\"slideshow_title\">proc\u00e9s de capil\u00b7laritat de la pila de paper (1)_opt<\/div>\t\t\t\t\t\t\t\t\t\t\t<\/div>\r\n\t\t\t\t<\/div>\r\n\r\n\t\t\t\t\t\t<div style=\"clear: both;\"><\/div><\/div><div class=\"slideshow_view\">\r\n\t\t\t\t<div class=\"slideshow_slide slideshow_slide_image\">\r\n\t\t\t\t\t\t\t\t\t\t\t<img src=\"https:\/\/agora.xtec.cat\/iespaucasals-badalona\/wp-content\/uploads\/usu781\/2020\/05\/muntatge-de-la-pila-de-paper-1_opt.jpg\" alt=\"muntatge de la pila de paper (1)_opt\" width=\"400\" height=\"338\" \/>\r\n\t\t\t\t\t\t\t\t\t\t<div class=\"slideshow_description_box slideshow_transparent\">\r\n\t\t\t\t\t\t<div class=\"slideshow_title\">muntatge de la pila de paper (1)_opt<\/div>\t\t\t\t\t\t\t\t\t\t\t<\/div>\r\n\t\t\t\t<\/div>\r\n\r\n\t\t\t\t\t\t<div style=\"clear: both;\"><\/div><\/div>\r\n\t\t<\/div>\r\n\r\n\t\t<div class=\"slideshow_controlPanel slideshow_transparent\" style=\"display: none;\"><ul><li class=\"slideshow_togglePlay\" data-play-text=\"Visualitza\" data-pause-text=\"Pausa\"><\/li><\/ul><\/div>\r\n\r\n\t\t<div class=\"slideshow_button slideshow_previous slideshow_transparent\" role=\"button\" data-previous-text=\"Anterior\" style=\"display: none;\"><\/div>\r\n\t\t<div class=\"slideshow_button slideshow_next slideshow_transparent\" role=\"button\" data-next-text=\"Seg\u00fcent\" style=\"display: none;\"><\/div>\r\n\r\n\t\t<div class=\"slideshow_pagination\" style=\"display: none;\" data-go-to-text=\"V\u00e9s a la diapositiva\"><div class=\"slideshow_pagination_center\"><\/div><\/div>\r\n\r\n\t\t<!-- WordPress Slideshow Version 2.3.1 -->\r\n\r\n\t\t\t<\/div>\r\n\r\n\n<p>&nbsp;<\/p>\n","protected":false},"excerpt":{"rendered":"<p>Si fa unes setmanes era la Societat Catalana de Qu\u00edmica <a href=\"https:\/\/agora.xtec.cat\/iespaucasals-badalona\/general\/aina-mena-guardonada-per-el-seu-treball-de-recerca\/\" target=\"_blank\" rel=\"noopener noreferrer\">qui concedia a Aina una menci\u00f3 honor\u00edfica <\/a>\u00a0pel seu treball de recerca, aquesta setmana ha estat la Universitat Aut\u00f2noma de Barcelona qui ha premiat a la nostra alumna de segon de&hellip;  <a href=\"https:\/\/agora.xtec.cat\/iespaucasals-badalona\/general\/aina-mena-rep-altre-premi-pel-seu-tr\/\" title=\"Read Aina Mena rep altre premi pel seu Treball de Recerca\">Llegeix m\u00e9s\u00bb<\/a><\/p>\n","protected":false},"author":829,"featured_media":2554,"comment_status":"open","ping_status":"closed","sticky":false,"template":"","format":"standard","meta":{"_bbp_topic_count":0,"_bbp_reply_count":0,"_bbp_total_topic_count":0,"_bbp_total_reply_count":0,"_bbp_voice_count":0,"_bbp_anonymous_reply_count":0,"_bbp_topic_count_hidden":0,"_bbp_reply_count_hidden":0,"_bbp_forum_subforum_count":0,"footnotes":""},"categories":[8,1,29],"tags":[],"class_list":["post-2599","post","type-post","status-publish","format-standard","has-post-thumbnail","hentry","category-batxillerat","category-general","category-portada"],"post_mailing_queue_ids":[],"_links":{"self":[{"href":"https:\/\/agora.xtec.cat\/iespaucasals-badalona\/wp-json\/wp\/v2\/posts\/2599","targetHints":{"allow":["GET"]}}],"collection":[{"href":"https:\/\/agora.xtec.cat\/iespaucasals-badalona\/wp-json\/wp\/v2\/posts"}],"about":[{"href":"https:\/\/agora.xtec.cat\/iespaucasals-badalona\/wp-json\/wp\/v2\/types\/post"}],"author":[{"embeddable":true,"href":"https:\/\/agora.xtec.cat\/iespaucasals-badalona\/wp-json\/wp\/v2\/users\/829"}],"replies":[{"embeddable":true,"href":"https:\/\/agora.xtec.cat\/iespaucasals-badalona\/wp-json\/wp\/v2\/comments?post=2599"}],"version-history":[{"count":2,"href":"https:\/\/agora.xtec.cat\/iespaucasals-badalona\/wp-json\/wp\/v2\/posts\/2599\/revisions"}],"predecessor-version":[{"id":2601,"href":"https:\/\/agora.xtec.cat\/iespaucasals-badalona\/wp-json\/wp\/v2\/posts\/2599\/revisions\/2601"}],"wp:featuredmedia":[{"embeddable":true,"href":"https:\/\/agora.xtec.cat\/iespaucasals-badalona\/wp-json\/wp\/v2\/media\/2554"}],"wp:attachment":[{"href":"https:\/\/agora.xtec.cat\/iespaucasals-badalona\/wp-json\/wp\/v2\/media?parent=2599"}],"wp:term":[{"taxonomy":"category","embeddable":true,"href":"https:\/\/agora.xtec.cat\/iespaucasals-badalona\/wp-json\/wp\/v2\/categories?post=2599"},{"taxonomy":"post_tag","embeddable":true,"href":"https:\/\/agora.xtec.cat\/iespaucasals-badalona\/wp-json\/wp\/v2\/tags?post=2599"}],"curies":[{"name":"wp","href":"https:\/\/api.w.org\/{rel}","templated":true}]}}