{"id":2559,"date":"2020-05-28T18:40:03","date_gmt":"2020-05-28T16:40:03","guid":{"rendered":"http:\/\/agora.xtec.cat\/iespaucasals-badalona\/?p=2559"},"modified":"2020-05-28T20:23:59","modified_gmt":"2020-05-28T18:23:59","slug":"aina-mena-guardonada-per-el-seu-treball-de-recerca","status":"publish","type":"post","link":"https:\/\/agora.xtec.cat\/iespaucasals-badalona\/general\/aina-mena-guardonada-per-el-seu-treball-de-recerca\/","title":{"rendered":"Aina Mena guardonada per el seu Treball de Recerca"},"content":{"rendered":"<p>La Societat Catalana de Qu\u00edmica, en la catorzena edici\u00f3 dels Premis als Treballs de Recerca, ha concedit una menci\u00f3 honor\u00edfica \u00a0a la nostra alumna de segon de batxillerat Aina Mena, pel seu treball\u00a0 \u201c<em>Piles de paper\u201d.<\/em><\/p>\n<p>En aquests enlla\u00e7os podeu consultar la decisi\u00f3 del jurat i la seva difusi\u00f3 a <em>twitter. <\/em><\/p>\n<p><a href=\"https:\/\/blogs.iec.cat\/scq\/2020\/05\/22\/14a-edicio-dels-premis-de-batxillerat-guardonats-2020\/\" target=\"_blank\" rel=\"noopener noreferrer\">Decisi\u00f3 del jurat<\/a><\/p>\n<p><a href=\"https:\/\/twitter.com\/SCQ_IEC\/status\/1264113094592270336?sa\" target=\"_blank\" rel=\"noopener noreferrer\">Difusi\u00f3 a twitter<\/a><\/p>\n<p>El treball ha consistit en el muntatge original d\u2019una pila biodegradable i que no contamina el medi ambient, principalment composta de paper, vitamina C, grafit i un derivat del ferro. Per a la part experimental del treball, Aina ha rebut el suport del Dr. Juan Pablo Esquivel de la Universitat Aut\u00f2noma de Barcelona i la seva ajudant Marina Navarro, aix\u00ed com de la professora In\u00e9s Ramos, la seva tutora del Treball de Recerca. Aina est\u00e0 molt agra\u00efda a tots ells per la seva ajuda.<\/p>\n<p>L\u2019acte de lliurament del premi es far\u00e0 en el decurs del XXXII Debat de Qu\u00edmica a l\u2019IEC (Institut d\u2019Estudis Catalans) el dia 16 de setembre.<\/p>\n<p>Enhorabona Aina!!!<\/p>\n\r\n\t<div class=\"slideshow_container slideshow_container_style-light\" style=\"height: 300px; \" data-slideshow-id=\"2564\" data-style-name=\"style-light\" data-style-version=\"2.3.1\" >\r\n\r\n\t\t\t\t\t<div class=\"slideshow_loading_icon\"><\/div>\r\n\t\t\r\n\t\t<div class=\"slideshow_content\" style=\"display: none;\">\r\n\r\n\t\t\t<div class=\"slideshow_view\">\r\n\t\t\t\t<div class=\"slideshow_slide slideshow_slide_image\">\r\n\t\t\t\t\t\t\t\t\t\t\t<img src=\"https:\/\/agora.xtec.cat\/iespaucasals-badalona\/wp-content\/uploads\/usu781\/2020\/05\/esquema-de-la-pila-de-paper-1.png\" alt=\"esquema de la pila de paper (1)\" width=\"1174\" height=\"588\" \/>\r\n\t\t\t\t\t\t\t\t\t\t<div class=\"slideshow_description_box slideshow_transparent\">\r\n\t\t\t\t\t\t<div class=\"slideshow_title\">esquema de la pila de paper (1)<\/div>\t\t\t\t\t\t\t\t\t\t\t<\/div>\r\n\t\t\t\t<\/div>\r\n\r\n\t\t\t\t\t\t<div style=\"clear: both;\"><\/div><\/div><div class=\"slideshow_view\">\r\n\t\t\t\t<div class=\"slideshow_slide slideshow_slide_image\">\r\n\t\t\t\t\t\t\t\t\t\t\t<img src=\"https:\/\/agora.xtec.cat\/iespaucasals-badalona\/wp-content\/uploads\/usu781\/2020\/05\/part-experimental-de-la-pila-Daniell-I-3_opt.jpg\" alt=\"part experimental de la pila Daniell I (3)_opt\" width=\"400\" height=\"533\" \/>\r\n\t\t\t\t\t\t\t\t\t\t<div class=\"slideshow_description_box slideshow_transparent\">\r\n\t\t\t\t\t\t<div class=\"slideshow_title\">part experimental de la pila Daniell I (3)_opt<\/div>\t\t\t\t\t\t\t\t\t\t\t<\/div>\r\n\t\t\t\t<\/div>\r\n\r\n\t\t\t\t\t\t<div style=\"clear: both;\"><\/div><\/div><div class=\"slideshow_view\">\r\n\t\t\t\t<div class=\"slideshow_slide slideshow_slide_image\">\r\n\t\t\t\t\t\t\t\t\t\t\t<img src=\"https:\/\/agora.xtec.cat\/iespaucasals-badalona\/wp-content\/uploads\/usu781\/2020\/05\/part-experimental-de-la-pila-Daniell-II_opt.jpg\" alt=\"part experimental de la pila Daniell II_opt\" width=\"400\" height=\"533\" \/>\r\n\t\t\t\t\t\t\t\t\t\t<div class=\"slideshow_description_box slideshow_transparent\">\r\n\t\t\t\t\t\t<div class=\"slideshow_title\">part experimental de la pila Daniell II_opt<\/div>\t\t\t\t\t\t\t\t\t\t\t<\/div>\r\n\t\t\t\t<\/div>\r\n\r\n\t\t\t\t\t\t<div style=\"clear: both;\"><\/div><\/div><div class=\"slideshow_view\">\r\n\t\t\t\t<div class=\"slideshow_slide slideshow_slide_image\">\r\n\t\t\t\t\t\t\t\t\t\t\t<img src=\"https:\/\/agora.xtec.cat\/iespaucasals-badalona\/wp-content\/uploads\/usu781\/2020\/05\/proc\u00e9s-de-capil\u00b7laritat-de-la-pila-de-paper-1_opt.jpg\" alt=\"proc\u00e9s de capil\u00b7laritat de la pila de paper (1)_opt\" width=\"400\" height=\"400\" \/>\r\n\t\t\t\t\t\t\t\t\t\t<div class=\"slideshow_description_box slideshow_transparent\">\r\n\t\t\t\t\t\t<div class=\"slideshow_title\">proc\u00e9s de capil\u00b7laritat de la pila de paper (1)_opt<\/div>\t\t\t\t\t\t\t\t\t\t\t<\/div>\r\n\t\t\t\t<\/div>\r\n\r\n\t\t\t\t\t\t<div style=\"clear: both;\"><\/div><\/div><div class=\"slideshow_view\">\r\n\t\t\t\t<div class=\"slideshow_slide slideshow_slide_image\">\r\n\t\t\t\t\t\t\t\t\t\t\t<img src=\"https:\/\/agora.xtec.cat\/iespaucasals-badalona\/wp-content\/uploads\/usu781\/2020\/05\/muntatge-de-la-pila-de-paper-1_opt.jpg\" alt=\"muntatge de la pila de paper (1)_opt\" width=\"400\" height=\"338\" \/>\r\n\t\t\t\t\t\t\t\t\t\t<div class=\"slideshow_description_box slideshow_transparent\">\r\n\t\t\t\t\t\t<div class=\"slideshow_title\">muntatge de la pila de paper (1)_opt<\/div>\t\t\t\t\t\t\t\t\t\t\t<\/div>\r\n\t\t\t\t<\/div>\r\n\r\n\t\t\t\t\t\t<div style=\"clear: both;\"><\/div><\/div>\r\n\t\t<\/div>\r\n\r\n\t\t<div class=\"slideshow_controlPanel slideshow_transparent\" style=\"display: none;\"><ul><li class=\"slideshow_togglePlay\" data-play-text=\"Visualitza\" data-pause-text=\"Pausa\"><\/li><\/ul><\/div>\r\n\r\n\t\t<div class=\"slideshow_button slideshow_previous slideshow_transparent\" role=\"button\" data-previous-text=\"Anterior\" style=\"display: none;\"><\/div>\r\n\t\t<div class=\"slideshow_button slideshow_next slideshow_transparent\" role=\"button\" data-next-text=\"Seg\u00fcent\" style=\"display: none;\"><\/div>\r\n\r\n\t\t<div class=\"slideshow_pagination\" style=\"display: none;\" data-go-to-text=\"V\u00e9s a la diapositiva\"><div class=\"slideshow_pagination_center\"><\/div><\/div>\r\n\r\n\t\t<!-- WordPress Slideshow Version 2.3.1 -->\r\n\r\n\t\t\t<\/div>\r\n\r\n\n<p>&nbsp;<\/p>\n<p>&nbsp;<\/p>\n<p>&nbsp;<\/p>\n<p>&nbsp;<\/p>\n","protected":false},"excerpt":{"rendered":"<p>La Societat Catalana de Qu\u00edmica, en la catorzena edici\u00f3 dels Premis als Treballs de Recerca, ha concedit una menci\u00f3 honor\u00edfica \u00a0a la nostra alumna de segon de batxillerat Aina Mena, pel seu treball\u00a0 \u201cPiles de paper\u201d.<br \/>\nEn aquests enlla\u00e7os podeu consultar la decisi\u00f3 del jurat i&hellip;  <a href=\"https:\/\/agora.xtec.cat\/iespaucasals-badalona\/general\/aina-mena-guardonada-per-el-seu-treball-de-recerca\/\" title=\"Read Aina Mena guardonada per el seu Treball de Recerca\">Llegeix m\u00e9s\u00bb<\/a><\/p>\n","protected":false},"author":829,"featured_media":2554,"comment_status":"open","ping_status":"closed","sticky":false,"template":"","format":"standard","meta":{"_bbp_topic_count":0,"_bbp_reply_count":0,"_bbp_total_topic_count":0,"_bbp_total_reply_count":0,"_bbp_voice_count":0,"_bbp_anonymous_reply_count":0,"_bbp_topic_count_hidden":0,"_bbp_reply_count_hidden":0,"_bbp_forum_subforum_count":0,"footnotes":""},"categories":[8,1,29],"tags":[193,63],"class_list":["post-2559","post","type-post","status-publish","format-standard","has-post-thumbnail","hentry","category-batxillerat","category-general","category-portada","tag-batxillerat","tag-noticies"],"post_mailing_queue_ids":[],"_links":{"self":[{"href":"https:\/\/agora.xtec.cat\/iespaucasals-badalona\/wp-json\/wp\/v2\/posts\/2559","targetHints":{"allow":["GET"]}}],"collection":[{"href":"https:\/\/agora.xtec.cat\/iespaucasals-badalona\/wp-json\/wp\/v2\/posts"}],"about":[{"href":"https:\/\/agora.xtec.cat\/iespaucasals-badalona\/wp-json\/wp\/v2\/types\/post"}],"author":[{"embeddable":true,"href":"https:\/\/agora.xtec.cat\/iespaucasals-badalona\/wp-json\/wp\/v2\/users\/829"}],"replies":[{"embeddable":true,"href":"https:\/\/agora.xtec.cat\/iespaucasals-badalona\/wp-json\/wp\/v2\/comments?post=2559"}],"version-history":[{"count":3,"href":"https:\/\/agora.xtec.cat\/iespaucasals-badalona\/wp-json\/wp\/v2\/posts\/2559\/revisions"}],"predecessor-version":[{"id":2569,"href":"https:\/\/agora.xtec.cat\/iespaucasals-badalona\/wp-json\/wp\/v2\/posts\/2559\/revisions\/2569"}],"wp:featuredmedia":[{"embeddable":true,"href":"https:\/\/agora.xtec.cat\/iespaucasals-badalona\/wp-json\/wp\/v2\/media\/2554"}],"wp:attachment":[{"href":"https:\/\/agora.xtec.cat\/iespaucasals-badalona\/wp-json\/wp\/v2\/media?parent=2559"}],"wp:term":[{"taxonomy":"category","embeddable":true,"href":"https:\/\/agora.xtec.cat\/iespaucasals-badalona\/wp-json\/wp\/v2\/categories?post=2559"},{"taxonomy":"post_tag","embeddable":true,"href":"https:\/\/agora.xtec.cat\/iespaucasals-badalona\/wp-json\/wp\/v2\/tags?post=2559"}],"curies":[{"name":"wp","href":"https:\/\/api.w.org\/{rel}","templated":true}]}}