{"id":2458,"date":"2020-03-03T19:32:51","date_gmt":"2020-03-03T18:32:51","guid":{"rendered":"http:\/\/agora.xtec.cat\/iespaucasals-badalona\/?p=2458"},"modified":"2020-03-03T19:46:31","modified_gmt":"2020-03-03T18:46:31","slug":"jornada-de-marqueting-a-esic","status":"publish","type":"post","link":"https:\/\/agora.xtec.cat\/iespaucasals-badalona\/general\/jornada-de-marqueting-a-esic\/","title":{"rendered":"Jornada de m\u00e0rqueting a ESIC"},"content":{"rendered":"<p>El passat dia 2 de mar\u00e7 els alumnes d\u2019economia de l\u2019empresa de 1r de batxillerat participaren en una jornada sobre m\u00e0rqueting en la prestigiosa escola de negocis ESIC (<em>Business &amp; Marketing School<\/em>) de Barcelona.<\/p>\n<p>Per una banda, aquesta activitat va servir perqu\u00e8 els alumnes aprengueren les actuals tend\u00e8ncies sobre el m\u00e0rqueting, especialment dins de l&#8217;\u00e0mbit del m\u00e0rqueting digital. D\u2019altra banda, van haver d\u2019adquirir el rol de directius d\u2019empresa mitjan\u00e7ant l\u2019an\u00e0lisi d\u2019un cas empresarial real i en expansi\u00f3, concretament la cadena d\u2019hamburgueseries <em>Goiko Grill<\/em>.<\/p>\n<p>Els alumnes van treballar sobre la forma en la que es podria millorar tot all\u00f2 que fa actualment aquesta empresa en diferents aspectes rellevants del seu model de negoci. La resoluci\u00f3 del cas, va servir perqu\u00e8 els nostres estudiants aplicaren els coneixements adquirits a classe sobre la funci\u00f3 comercial dins de les empreses i la presa de decisions. Tamb\u00e9 va servir per a desenvolupar la seva capacitat de treball en equip. Per a finalitzar l\u2019activitat, els nostres alumnes van exposar les seves idees en p\u00fablic.<\/p>\n<p>&nbsp;<\/p>\n<p><a href=\"https:\/\/agora.xtec.cat\/iespaucasals-badalona\/wp-content\/uploads\/usu781\/2020\/03\/IMG_2955.jpg\"><img loading=\"lazy\" decoding=\"async\" class=\"alignnone size-large wp-image-2457\" src=\"https:\/\/agora.xtec.cat\/iespaucasals-badalona\/wp-content\/uploads\/usu781\/2020\/03\/IMG_2955-1024x765.jpg\" alt=\"\" width=\"1024\" height=\"765\" srcset=\"https:\/\/agora.xtec.cat\/iespaucasals-badalona\/wp-content\/uploads\/usu781\/2020\/03\/IMG_2955-1024x765.jpg 1024w, https:\/\/agora.xtec.cat\/iespaucasals-badalona\/wp-content\/uploads\/usu781\/2020\/03\/IMG_2955-300x224.jpg 300w, https:\/\/agora.xtec.cat\/iespaucasals-badalona\/wp-content\/uploads\/usu781\/2020\/03\/IMG_2955-768x574.jpg 768w, https:\/\/agora.xtec.cat\/iespaucasals-badalona\/wp-content\/uploads\/usu781\/2020\/03\/IMG_2955-200x150.jpg 200w\" sizes=\"auto, (max-width: 1024px) 100vw, 1024px\" \/><\/a><\/p>\n","protected":false},"excerpt":{"rendered":"<p>El passat dia 2 de mar\u00e7 els alumnes d\u2019economia de l\u2019empresa de 1r de batxillerat participaren en una jornada sobre m\u00e0rqueting en la prestigiosa escola de negocis ESIC (Business &amp; Marketing School) de Barcelona.<br \/>\nPer una banda, aquesta activitat va servir perqu\u00e8 els alumnes aprengueren les&hellip;  <a href=\"https:\/\/agora.xtec.cat\/iespaucasals-badalona\/general\/jornada-de-marqueting-a-esic\/\" title=\"Read Jornada de m\u00e0rqueting a ESIC\">Llegeix m\u00e9s\u00bb<\/a><\/p>\n","protected":false},"author":829,"featured_media":2457,"comment_status":"open","ping_status":"closed","sticky":false,"template":"","format":"standard","meta":{"_bbp_topic_count":0,"_bbp_reply_count":0,"_bbp_total_topic_count":0,"_bbp_total_reply_count":0,"_bbp_voice_count":0,"_bbp_anonymous_reply_count":0,"_bbp_topic_count_hidden":0,"_bbp_reply_count_hidden":0,"_bbp_forum_subforum_count":0,"footnotes":""},"categories":[8,1,29],"tags":[],"class_list":["post-2458","post","type-post","status-publish","format-standard","has-post-thumbnail","hentry","category-batxillerat","category-general","category-portada"],"post_mailing_queue_ids":[],"_links":{"self":[{"href":"https:\/\/agora.xtec.cat\/iespaucasals-badalona\/wp-json\/wp\/v2\/posts\/2458","targetHints":{"allow":["GET"]}}],"collection":[{"href":"https:\/\/agora.xtec.cat\/iespaucasals-badalona\/wp-json\/wp\/v2\/posts"}],"about":[{"href":"https:\/\/agora.xtec.cat\/iespaucasals-badalona\/wp-json\/wp\/v2\/types\/post"}],"author":[{"embeddable":true,"href":"https:\/\/agora.xtec.cat\/iespaucasals-badalona\/wp-json\/wp\/v2\/users\/829"}],"replies":[{"embeddable":true,"href":"https:\/\/agora.xtec.cat\/iespaucasals-badalona\/wp-json\/wp\/v2\/comments?post=2458"}],"version-history":[{"count":3,"href":"https:\/\/agora.xtec.cat\/iespaucasals-badalona\/wp-json\/wp\/v2\/posts\/2458\/revisions"}],"predecessor-version":[{"id":2462,"href":"https:\/\/agora.xtec.cat\/iespaucasals-badalona\/wp-json\/wp\/v2\/posts\/2458\/revisions\/2462"}],"wp:featuredmedia":[{"embeddable":true,"href":"https:\/\/agora.xtec.cat\/iespaucasals-badalona\/wp-json\/wp\/v2\/media\/2457"}],"wp:attachment":[{"href":"https:\/\/agora.xtec.cat\/iespaucasals-badalona\/wp-json\/wp\/v2\/media?parent=2458"}],"wp:term":[{"taxonomy":"category","embeddable":true,"href":"https:\/\/agora.xtec.cat\/iespaucasals-badalona\/wp-json\/wp\/v2\/categories?post=2458"},{"taxonomy":"post_tag","embeddable":true,"href":"https:\/\/agora.xtec.cat\/iespaucasals-badalona\/wp-json\/wp\/v2\/tags?post=2458"}],"curies":[{"name":"wp","href":"https:\/\/api.w.org\/{rel}","templated":true}]}}