{"id":2446,"date":"2020-03-01T20:34:28","date_gmt":"2020-03-01T19:34:28","guid":{"rendered":"http:\/\/agora.xtec.cat\/iespaucasals-badalona\/?p=2446"},"modified":"2020-03-01T20:45:34","modified_gmt":"2020-03-01T19:45:34","slug":"dia-de-la-pau-el-petit-princep","status":"publish","type":"post","link":"https:\/\/agora.xtec.cat\/iespaucasals-badalona\/general\/dia-de-la-pau-el-petit-princep\/","title":{"rendered":"Dia de la Pau. El Petit Pr\u00edncep."},"content":{"rendered":"<p>El dijous 30 de gener vam\u00a0 rendir un homenatge a Antoine de Saint- Exup\u00e9ry, l&#8217;autor de El Petit Pr\u00edncep. Cada tutoria tenia assignat un cap\u00edtol del llibre a la paret del passad\u00eds de la seva aula. En un mural blanc indicaven el text m\u00e9s important del cap\u00edtol i les il\u00b7lustracions originals i a sota, en un mural de color groc, feien les interpretacions del cap\u00edtol.<\/p>\n<p>Tota la comunitat que formem l&#8217;Ins Pau Casals vam portar fotos de quan ten\u00edem 6 anys, recordant aix\u00ed, a Antoine de Saint-Exup\u00e9ry i la seva obra El Petit Pr\u00edncep, en la qual s&#8217;extreu que no hem d&#8217;oblidar el nen de 6 anys que portem dins.<\/p>\n<p>En finalitzar el mat\u00ed vam acudir al gimn\u00e0s per veure un teatre musical on els alumnes de 4t d&#8217;ESO Mohamed Brada i Edgar Bote van interpretar a Antoine de Saint- Exup\u00e9ry i Pau Casals, respectivament. El professor de m\u00fasica Juanma Tirado va interpretar amb el violoncel El cant dels Ocells i la suite n\u00fam.1 de Bach. L&#8217;alumna Ikram Touibi va interpretar El Temps i es va finalitzar amb una actuaci\u00f3 de The Beatles, amb la can\u00e7\u00f3 Let it be interpretada per Ikram Touibi, Chaimae Boulben, Brithany Tigre i\u00a0 D\u00e9bora Mart\u00ednez a la guitarra.<\/p>\n<p><a href=\"https:\/\/agora.xtec.cat\/iespaucasals-badalona\/wp-content\/uploads\/usu781\/2020\/03\/dia-de-la-pau-pau-casals-4_opt.jpg\"><img loading=\"lazy\" decoding=\"async\" class=\"alignnone size-large wp-image-2454\" src=\"https:\/\/agora.xtec.cat\/iespaucasals-badalona\/wp-content\/uploads\/usu781\/2020\/03\/dia-de-la-pau-pau-casals-4_opt-683x1024.jpg\" alt=\"\" width=\"683\" height=\"1024\" srcset=\"https:\/\/agora.xtec.cat\/iespaucasals-badalona\/wp-content\/uploads\/usu781\/2020\/03\/dia-de-la-pau-pau-casals-4_opt.jpg 683w, https:\/\/agora.xtec.cat\/iespaucasals-badalona\/wp-content\/uploads\/usu781\/2020\/03\/dia-de-la-pau-pau-casals-4_opt-200x300.jpg 200w\" sizes=\"auto, (max-width: 683px) 100vw, 683px\" \/><\/a><a href=\"https:\/\/agora.xtec.cat\/iespaucasals-badalona\/wp-content\/uploads\/usu781\/2020\/03\/dia-de-la-pau-pau-casals_opt-3.jpg\"><img loading=\"lazy\" decoding=\"async\" class=\"alignnone size-large wp-image-2451\" src=\"https:\/\/agora.xtec.cat\/iespaucasals-badalona\/wp-content\/uploads\/usu781\/2020\/03\/dia-de-la-pau-pau-casals_opt-3-1024x727.jpg\" alt=\"\" width=\"1024\" height=\"727\" srcset=\"https:\/\/agora.xtec.cat\/iespaucasals-badalona\/wp-content\/uploads\/usu781\/2020\/03\/dia-de-la-pau-pau-casals_opt-3.jpg 1024w, https:\/\/agora.xtec.cat\/iespaucasals-badalona\/wp-content\/uploads\/usu781\/2020\/03\/dia-de-la-pau-pau-casals_opt-3-300x213.jpg 300w, https:\/\/agora.xtec.cat\/iespaucasals-badalona\/wp-content\/uploads\/usu781\/2020\/03\/dia-de-la-pau-pau-casals_opt-3-768x545.jpg 768w\" sizes=\"auto, (max-width: 1024px) 100vw, 1024px\" \/><\/a><a href=\"https:\/\/agora.xtec.cat\/iespaucasals-badalona\/wp-content\/uploads\/usu781\/2020\/03\/dia-de-la-pau-pau-casals-1_opt.jpg\"><img loading=\"lazy\" decoding=\"async\" class=\"alignnone size-large wp-image-2452\" src=\"https:\/\/agora.xtec.cat\/iespaucasals-badalona\/wp-content\/uploads\/usu781\/2020\/03\/dia-de-la-pau-pau-casals-1_opt-1024x694.jpg\" alt=\"\" width=\"1024\" height=\"694\" srcset=\"https:\/\/agora.xtec.cat\/iespaucasals-badalona\/wp-content\/uploads\/usu781\/2020\/03\/dia-de-la-pau-pau-casals-1_opt-1024x694.jpg 1024w, https:\/\/agora.xtec.cat\/iespaucasals-badalona\/wp-content\/uploads\/usu781\/2020\/03\/dia-de-la-pau-pau-casals-1_opt-300x203.jpg 300w, https:\/\/agora.xtec.cat\/iespaucasals-badalona\/wp-content\/uploads\/usu781\/2020\/03\/dia-de-la-pau-pau-casals-1_opt-768x521.jpg 768w, https:\/\/agora.xtec.cat\/iespaucasals-badalona\/wp-content\/uploads\/usu781\/2020\/03\/dia-de-la-pau-pau-casals-1_opt.jpg 1074w\" sizes=\"auto, (max-width: 1024px) 100vw, 1024px\" \/><\/a><a href=\"https:\/\/agora.xtec.cat\/iespaucasals-badalona\/wp-content\/uploads\/usu781\/2020\/03\/dia-de-la-pau-pau-casals-2_opt.jpg\"><img loading=\"lazy\" decoding=\"async\" class=\"alignnone size-large wp-image-2453\" src=\"https:\/\/agora.xtec.cat\/iespaucasals-badalona\/wp-content\/uploads\/usu781\/2020\/03\/dia-de-la-pau-pau-casals-2_opt-1024x683.jpg\" alt=\"\" width=\"1024\" height=\"683\" srcset=\"https:\/\/agora.xtec.cat\/iespaucasals-badalona\/wp-content\/uploads\/usu781\/2020\/03\/dia-de-la-pau-pau-casals-2_opt.jpg 1024w, https:\/\/agora.xtec.cat\/iespaucasals-badalona\/wp-content\/uploads\/usu781\/2020\/03\/dia-de-la-pau-pau-casals-2_opt-300x200.jpg 300w, https:\/\/agora.xtec.cat\/iespaucasals-badalona\/wp-content\/uploads\/usu781\/2020\/03\/dia-de-la-pau-pau-casals-2_opt-768x512.jpg 768w\" sizes=\"auto, (max-width: 1024px) 100vw, 1024px\" \/><iframe loading=\"lazy\" src=\"\/\/www.youtube.com\/embed\/bQXGWeM8E7k\" width=\"560\" height=\"315\" frameborder=\"0\"><\/iframe><\/a><\/p>\n","protected":false},"excerpt":{"rendered":"<p>El dijous 30 de gener vam\u00a0 rendir un homenatge a Antoine de Saint- Exup\u00e9ry, l&#8217;autor de El Petit Pr\u00edncep. Cada tutoria tenia assignat un cap\u00edtol del llibre a la paret del passad\u00eds de la seva aula. En un mural blanc indicaven el text m\u00e9s important&hellip;  <a href=\"https:\/\/agora.xtec.cat\/iespaucasals-badalona\/general\/dia-de-la-pau-el-petit-princep\/\" title=\"Read Dia de la Pau. El Petit Pr\u00edncep.\">Llegeix m\u00e9s\u00bb<\/a><\/p>\n","protected":false},"author":39,"featured_media":2456,"comment_status":"open","ping_status":"closed","sticky":false,"template":"","format":"standard","meta":{"_bbp_topic_count":0,"_bbp_reply_count":0,"_bbp_total_topic_count":0,"_bbp_total_reply_count":0,"_bbp_voice_count":0,"_bbp_anonymous_reply_count":0,"_bbp_topic_count_hidden":0,"_bbp_reply_count_hidden":0,"_bbp_forum_subforum_count":0,"footnotes":""},"categories":[8,3,1,29],"tags":[],"class_list":["post-2446","post","type-post","status-publish","format-standard","has-post-thumbnail","hentry","category-batxillerat","category-eso","category-general","category-portada"],"post_mailing_queue_ids":[],"_links":{"self":[{"href":"https:\/\/agora.xtec.cat\/iespaucasals-badalona\/wp-json\/wp\/v2\/posts\/2446","targetHints":{"allow":["GET"]}}],"collection":[{"href":"https:\/\/agora.xtec.cat\/iespaucasals-badalona\/wp-json\/wp\/v2\/posts"}],"about":[{"href":"https:\/\/agora.xtec.cat\/iespaucasals-badalona\/wp-json\/wp\/v2\/types\/post"}],"author":[{"embeddable":true,"href":"https:\/\/agora.xtec.cat\/iespaucasals-badalona\/wp-json\/wp\/v2\/users\/39"}],"replies":[{"embeddable":true,"href":"https:\/\/agora.xtec.cat\/iespaucasals-badalona\/wp-json\/wp\/v2\/comments?post=2446"}],"version-history":[{"count":1,"href":"https:\/\/agora.xtec.cat\/iespaucasals-badalona\/wp-json\/wp\/v2\/posts\/2446\/revisions"}],"predecessor-version":[{"id":2455,"href":"https:\/\/agora.xtec.cat\/iespaucasals-badalona\/wp-json\/wp\/v2\/posts\/2446\/revisions\/2455"}],"wp:featuredmedia":[{"embeddable":true,"href":"https:\/\/agora.xtec.cat\/iespaucasals-badalona\/wp-json\/wp\/v2\/media\/2456"}],"wp:attachment":[{"href":"https:\/\/agora.xtec.cat\/iespaucasals-badalona\/wp-json\/wp\/v2\/media?parent=2446"}],"wp:term":[{"taxonomy":"category","embeddable":true,"href":"https:\/\/agora.xtec.cat\/iespaucasals-badalona\/wp-json\/wp\/v2\/categories?post=2446"},{"taxonomy":"post_tag","embeddable":true,"href":"https:\/\/agora.xtec.cat\/iespaucasals-badalona\/wp-json\/wp\/v2\/tags?post=2446"}],"curies":[{"name":"wp","href":"https:\/\/api.w.org\/{rel}","templated":true}]}}