{"id":2432,"date":"2020-02-19T13:16:18","date_gmt":"2020-02-19T12:16:18","guid":{"rendered":"http:\/\/agora.xtec.cat\/iespaucasals-badalona\/?p=2432"},"modified":"2020-02-19T13:16:18","modified_gmt":"2020-02-19T12:16:18","slug":"sortida-a-nuria-amb-2n-d-eso-activitats-a-la-neu","status":"publish","type":"post","link":"https:\/\/agora.xtec.cat\/iespaucasals-badalona\/general\/sortida-a-nuria-amb-2n-d-eso-activitats-a-la-neu\/","title":{"rendered":"Sortida a N\u00faria amb 2n d\u2019 ESO. Activitats a la neu"},"content":{"rendered":"<p style=\"font-weight: 400;\">El passat 29 de gener, 78 alumnes de 2n d\u2019 ESO acompanyats de 8 professors varen gaudir d&#8217;una extraordin\u00e0ria sortida a la neu en el marc incomparable de la Vall de N\u00faria, la sortida estava subvencionada per l&#8217;Institut Pau Casals i\u00a0\u00a0els alumnes van pagar una quantitat simb\u00f2lica.<\/p>\n<table class=\" aligncenter\">\n<tbody>\n<tr>\n<td><a href=\"https:\/\/agora.xtec.cat\/iespaucasals-badalona\/wp-content\/uploads\/usu781\/2020\/02\/IMG_2600.jpg\"><img loading=\"lazy\" decoding=\"async\" class=\"aligncenter size-medium wp-image-2433\" src=\"https:\/\/agora.xtec.cat\/iespaucasals-badalona\/wp-content\/uploads\/usu781\/2020\/02\/IMG_2600-300x224.jpg\" alt=\"\" width=\"300\" height=\"224\" srcset=\"https:\/\/agora.xtec.cat\/iespaucasals-badalona\/wp-content\/uploads\/usu781\/2020\/02\/IMG_2600-300x224.jpg 300w, https:\/\/agora.xtec.cat\/iespaucasals-badalona\/wp-content\/uploads\/usu781\/2020\/02\/IMG_2600-768x574.jpg 768w, https:\/\/agora.xtec.cat\/iespaucasals-badalona\/wp-content\/uploads\/usu781\/2020\/02\/IMG_2600-1024x765.jpg 1024w, https:\/\/agora.xtec.cat\/iespaucasals-badalona\/wp-content\/uploads\/usu781\/2020\/02\/IMG_2600-200x150.jpg 200w\" sizes=\"auto, (max-width: 300px) 100vw, 300px\" \/><\/a><\/td>\n<td><a href=\"https:\/\/agora.xtec.cat\/iespaucasals-badalona\/wp-content\/uploads\/usu781\/2020\/02\/IMG_2619.jpg\"><img loading=\"lazy\" decoding=\"async\" class=\"aligncenter size-medium wp-image-2434\" src=\"https:\/\/agora.xtec.cat\/iespaucasals-badalona\/wp-content\/uploads\/usu781\/2020\/02\/IMG_2619-300x224.jpg\" alt=\"\" width=\"300\" height=\"224\" srcset=\"https:\/\/agora.xtec.cat\/iespaucasals-badalona\/wp-content\/uploads\/usu781\/2020\/02\/IMG_2619-300x224.jpg 300w, https:\/\/agora.xtec.cat\/iespaucasals-badalona\/wp-content\/uploads\/usu781\/2020\/02\/IMG_2619-768x574.jpg 768w, https:\/\/agora.xtec.cat\/iespaucasals-badalona\/wp-content\/uploads\/usu781\/2020\/02\/IMG_2619-1024x765.jpg 1024w, https:\/\/agora.xtec.cat\/iespaucasals-badalona\/wp-content\/uploads\/usu781\/2020\/02\/IMG_2619-200x150.jpg 200w\" sizes=\"auto, (max-width: 300px) 100vw, 300px\" \/><\/a><\/td>\n<td><a href=\"https:\/\/agora.xtec.cat\/iespaucasals-badalona\/wp-content\/uploads\/usu781\/2020\/02\/IMG_2580.jpg\"><img loading=\"lazy\" decoding=\"async\" class=\"aligncenter size-medium wp-image-2435\" src=\"https:\/\/agora.xtec.cat\/iespaucasals-badalona\/wp-content\/uploads\/usu781\/2020\/02\/IMG_2580-300x224.jpg\" alt=\"\" width=\"300\" height=\"224\" srcset=\"https:\/\/agora.xtec.cat\/iespaucasals-badalona\/wp-content\/uploads\/usu781\/2020\/02\/IMG_2580-300x224.jpg 300w, https:\/\/agora.xtec.cat\/iespaucasals-badalona\/wp-content\/uploads\/usu781\/2020\/02\/IMG_2580-768x574.jpg 768w, https:\/\/agora.xtec.cat\/iespaucasals-badalona\/wp-content\/uploads\/usu781\/2020\/02\/IMG_2580-1024x765.jpg 1024w, https:\/\/agora.xtec.cat\/iespaucasals-badalona\/wp-content\/uploads\/usu781\/2020\/02\/IMG_2580-200x150.jpg 200w\" sizes=\"auto, (max-width: 300px) 100vw, 300px\" \/><\/a><\/td>\n<td><a href=\"https:\/\/agora.xtec.cat\/iespaucasals-badalona\/wp-content\/uploads\/usu781\/2020\/02\/IMG_2528.jpg\"><img loading=\"lazy\" decoding=\"async\" class=\"aligncenter size-medium wp-image-2436\" src=\"https:\/\/agora.xtec.cat\/iespaucasals-badalona\/wp-content\/uploads\/usu781\/2020\/02\/IMG_2528-300x224.jpg\" alt=\"\" width=\"300\" height=\"224\" srcset=\"https:\/\/agora.xtec.cat\/iespaucasals-badalona\/wp-content\/uploads\/usu781\/2020\/02\/IMG_2528-300x224.jpg 300w, https:\/\/agora.xtec.cat\/iespaucasals-badalona\/wp-content\/uploads\/usu781\/2020\/02\/IMG_2528-768x574.jpg 768w, https:\/\/agora.xtec.cat\/iespaucasals-badalona\/wp-content\/uploads\/usu781\/2020\/02\/IMG_2528-1024x765.jpg 1024w, https:\/\/agora.xtec.cat\/iespaucasals-badalona\/wp-content\/uploads\/usu781\/2020\/02\/IMG_2528-200x150.jpg 200w\" sizes=\"auto, (max-width: 300px) 100vw, 300px\" \/><\/a><\/td>\n<\/tr>\n<tr>\n<td><a href=\"https:\/\/agora.xtec.cat\/iespaucasals-badalona\/wp-content\/uploads\/usu781\/2020\/02\/IMG_2444.jpg\"><img loading=\"lazy\" decoding=\"async\" class=\"aligncenter size-medium wp-image-2437\" src=\"https:\/\/agora.xtec.cat\/iespaucasals-badalona\/wp-content\/uploads\/usu781\/2020\/02\/IMG_2444-300x224.jpg\" alt=\"\" width=\"300\" height=\"224\" srcset=\"https:\/\/agora.xtec.cat\/iespaucasals-badalona\/wp-content\/uploads\/usu781\/2020\/02\/IMG_2444-300x224.jpg 300w, https:\/\/agora.xtec.cat\/iespaucasals-badalona\/wp-content\/uploads\/usu781\/2020\/02\/IMG_2444-768x574.jpg 768w, https:\/\/agora.xtec.cat\/iespaucasals-badalona\/wp-content\/uploads\/usu781\/2020\/02\/IMG_2444-1024x765.jpg 1024w, https:\/\/agora.xtec.cat\/iespaucasals-badalona\/wp-content\/uploads\/usu781\/2020\/02\/IMG_2444-200x150.jpg 200w\" sizes=\"auto, (max-width: 300px) 100vw, 300px\" \/><\/a><\/td>\n<td><a href=\"https:\/\/agora.xtec.cat\/iespaucasals-badalona\/wp-content\/uploads\/usu781\/2020\/02\/IMG_2464.jpg\"><img loading=\"lazy\" decoding=\"async\" class=\"aligncenter size-medium wp-image-2438\" src=\"https:\/\/agora.xtec.cat\/iespaucasals-badalona\/wp-content\/uploads\/usu781\/2020\/02\/IMG_2464-300x224.jpg\" alt=\"\" width=\"300\" height=\"224\" srcset=\"https:\/\/agora.xtec.cat\/iespaucasals-badalona\/wp-content\/uploads\/usu781\/2020\/02\/IMG_2464-300x224.jpg 300w, https:\/\/agora.xtec.cat\/iespaucasals-badalona\/wp-content\/uploads\/usu781\/2020\/02\/IMG_2464-768x574.jpg 768w, https:\/\/agora.xtec.cat\/iespaucasals-badalona\/wp-content\/uploads\/usu781\/2020\/02\/IMG_2464-1024x765.jpg 1024w, https:\/\/agora.xtec.cat\/iespaucasals-badalona\/wp-content\/uploads\/usu781\/2020\/02\/IMG_2464-200x150.jpg 200w\" sizes=\"auto, (max-width: 300px) 100vw, 300px\" \/><\/a><\/td>\n<td><a href=\"https:\/\/agora.xtec.cat\/iespaucasals-badalona\/wp-content\/uploads\/usu781\/2020\/02\/IMG_2495.jpg\"><img loading=\"lazy\" decoding=\"async\" class=\"aligncenter size-medium wp-image-2439\" src=\"https:\/\/agora.xtec.cat\/iespaucasals-badalona\/wp-content\/uploads\/usu781\/2020\/02\/IMG_2495-300x224.jpg\" alt=\"\" width=\"300\" height=\"224\" srcset=\"https:\/\/agora.xtec.cat\/iespaucasals-badalona\/wp-content\/uploads\/usu781\/2020\/02\/IMG_2495-300x224.jpg 300w, https:\/\/agora.xtec.cat\/iespaucasals-badalona\/wp-content\/uploads\/usu781\/2020\/02\/IMG_2495-768x574.jpg 768w, https:\/\/agora.xtec.cat\/iespaucasals-badalona\/wp-content\/uploads\/usu781\/2020\/02\/IMG_2495-1024x765.jpg 1024w, https:\/\/agora.xtec.cat\/iespaucasals-badalona\/wp-content\/uploads\/usu781\/2020\/02\/IMG_2495-200x150.jpg 200w\" sizes=\"auto, (max-width: 300px) 100vw, 300px\" \/><\/a><\/td>\n<td><a href=\"https:\/\/agora.xtec.cat\/iespaucasals-badalona\/wp-content\/uploads\/usu781\/2020\/02\/IMG_2437.jpg\"><img loading=\"lazy\" decoding=\"async\" class=\"aligncenter size-medium wp-image-2440\" src=\"https:\/\/agora.xtec.cat\/iespaucasals-badalona\/wp-content\/uploads\/usu781\/2020\/02\/IMG_2437-300x224.jpg\" alt=\"\" width=\"300\" height=\"224\" srcset=\"https:\/\/agora.xtec.cat\/iespaucasals-badalona\/wp-content\/uploads\/usu781\/2020\/02\/IMG_2437-300x224.jpg 300w, https:\/\/agora.xtec.cat\/iespaucasals-badalona\/wp-content\/uploads\/usu781\/2020\/02\/IMG_2437-768x574.jpg 768w, https:\/\/agora.xtec.cat\/iespaucasals-badalona\/wp-content\/uploads\/usu781\/2020\/02\/IMG_2437-1024x765.jpg 1024w, https:\/\/agora.xtec.cat\/iespaucasals-badalona\/wp-content\/uploads\/usu781\/2020\/02\/IMG_2437-200x150.jpg 200w\" sizes=\"auto, (max-width: 300px) 100vw, 300px\" \/><\/a><\/td>\n<\/tr>\n<\/tbody>\n<\/table>\n<p style=\"font-weight: 400; text-align: left;\">A les 06.00\u202fh davant la porta de l&#8217;Institut ens esperava l&#8217;autocar, v\u00e0rem fer la primera parada a Ribes de Freser (Estaci\u00f3) on v\u00e0rem esmorzar i tot seguit el cremallera fins a N\u00faria. En arribar, cada grup es va posar amb els seus monitors corresponents per comen\u00e7ar a\u00a0\u00a0practicar activitats de neu durant tot el mat\u00ed, Tubbies (baixades amb pneum\u00e0tics gegants), construcci\u00f3 d&#8217;Igl\u00fas, excursions amb raquetes i baixades amb trineu, totes les activitats es van desenvolupar sense cap incident, tota la neu caiguda la setmana anterior i les condicions clim\u00e0tiques favorables de poc vent i sol van fer que l&#8217;activitat fos tot un \u00e8xit.<\/p>\n<p>&nbsp;<\/p>\n","protected":false},"excerpt":{"rendered":"<p>El passat 29 de gener, 78 alumnes de 2n d\u2019 ESO acompanyats de 8 professors varen gaudir d&#8217;una extraordin\u00e0ria sortida a la neu en el marc incomparable de la Vall de N\u00faria, la sortida estava subvencionada per l&#8217;Institut Pau Casals i\u00a0\u00a0els alumnes van pagar una&hellip;  <a href=\"https:\/\/agora.xtec.cat\/iespaucasals-badalona\/general\/sortida-a-nuria-amb-2n-d-eso-activitats-a-la-neu\/\" title=\"Read Sortida a N\u00faria amb 2n d\u2019 ESO. Activitats a la neu\">Llegeix m\u00e9s\u00bb<\/a><\/p>\n","protected":false},"author":1,"featured_media":2441,"comment_status":"open","ping_status":"closed","sticky":false,"template":"","format":"standard","meta":{"_bbp_topic_count":0,"_bbp_reply_count":0,"_bbp_total_topic_count":0,"_bbp_total_reply_count":0,"_bbp_voice_count":0,"_bbp_anonymous_reply_count":0,"_bbp_topic_count_hidden":0,"_bbp_reply_count_hidden":0,"_bbp_forum_subforum_count":0,"footnotes":""},"categories":[142,1,29],"tags":[],"class_list":["post-2432","post","type-post","status-publish","format-standard","has-post-thumbnail","hentry","category-2-eso","category-general","category-portada"],"post_mailing_queue_ids":[],"_links":{"self":[{"href":"https:\/\/agora.xtec.cat\/iespaucasals-badalona\/wp-json\/wp\/v2\/posts\/2432","targetHints":{"allow":["GET"]}}],"collection":[{"href":"https:\/\/agora.xtec.cat\/iespaucasals-badalona\/wp-json\/wp\/v2\/posts"}],"about":[{"href":"https:\/\/agora.xtec.cat\/iespaucasals-badalona\/wp-json\/wp\/v2\/types\/post"}],"author":[{"embeddable":true,"href":"https:\/\/agora.xtec.cat\/iespaucasals-badalona\/wp-json\/wp\/v2\/users\/1"}],"replies":[{"embeddable":true,"href":"https:\/\/agora.xtec.cat\/iespaucasals-badalona\/wp-json\/wp\/v2\/comments?post=2432"}],"version-history":[{"count":1,"href":"https:\/\/agora.xtec.cat\/iespaucasals-badalona\/wp-json\/wp\/v2\/posts\/2432\/revisions"}],"predecessor-version":[{"id":2442,"href":"https:\/\/agora.xtec.cat\/iespaucasals-badalona\/wp-json\/wp\/v2\/posts\/2432\/revisions\/2442"}],"wp:featuredmedia":[{"embeddable":true,"href":"https:\/\/agora.xtec.cat\/iespaucasals-badalona\/wp-json\/wp\/v2\/media\/2441"}],"wp:attachment":[{"href":"https:\/\/agora.xtec.cat\/iespaucasals-badalona\/wp-json\/wp\/v2\/media?parent=2432"}],"wp:term":[{"taxonomy":"category","embeddable":true,"href":"https:\/\/agora.xtec.cat\/iespaucasals-badalona\/wp-json\/wp\/v2\/categories?post=2432"},{"taxonomy":"post_tag","embeddable":true,"href":"https:\/\/agora.xtec.cat\/iespaucasals-badalona\/wp-json\/wp\/v2\/tags?post=2432"}],"curies":[{"name":"wp","href":"https:\/\/api.w.org\/{rel}","templated":true}]}}