{"id":2386,"date":"2019-12-02T20:38:01","date_gmt":"2019-12-02T19:38:01","guid":{"rendered":"http:\/\/agora.xtec.cat\/iespaucasals-badalona\/?p=2386"},"modified":"2019-12-02T20:42:18","modified_gmt":"2019-12-02T19:42:18","slug":"dates-i-horaris-de-les-pau-2019-2020","status":"publish","type":"post","link":"https:\/\/agora.xtec.cat\/iespaucasals-badalona\/general\/dates-i-horaris-de-les-pau-2019-2020\/","title":{"rendered":"Dates i horaris de les PAU 2019\/2020"},"content":{"rendered":"<p style=\"text-align: left;\">Ja sabem les dates i els horaris de les PAU per al curs 2019\/2020, tant per a la convocat\u00f2ria ordin\u00e0ria (juny) com l&#8217;extraordin\u00e0ria (setembre).<\/p>\n<p>Les proves de la convocat\u00f2ria ordin\u00e0ria seran els dies 9, 10 i 11 de juny de 2020, i els resultats es notificaran als alumnes el dia 26 de juny d\u2019aquest mateix any. Pel que respecta a la convocat\u00f2ria extraordin\u00e0ria, les proves seran els dies 2, 3 i 4 de setembre de 2020, i els resultats es notificaran als alumnes el dia 15 de setembre d\u2019aquest mateix any.<\/p>\n<p>Al seg\u00fcent enlla\u00e7 podeu consultar els horaris de cada prova.<\/p>\n<p style=\"text-align: center;\"><a href=\"http:\/\/universitats.gencat.cat\/ca\/pau\/pau_dia_prova\/horari_lloc_prova\/\" target=\"_blank\" rel=\"noopener noreferrer\">Horari de les PAU 2019\/2020<\/a><\/p>\n","protected":false},"excerpt":{"rendered":"<p>Ja sabem les dates i els horaris de les PAU per al curs 2019\/2020, tant per a la convocat\u00f2ria ordin\u00e0ria (juny) com l&#8217;extraordin\u00e0ria (setembre).<br \/>\nLes proves de la convocat\u00f2ria ordin\u00e0ria seran els dies 9, 10 i 11 de juny de 2020, i els resultats es notificaran&hellip;  <a href=\"https:\/\/agora.xtec.cat\/iespaucasals-badalona\/general\/dates-i-horaris-de-les-pau-2019-2020\/\" title=\"Read Dates i horaris de les PAU 2019\/2020\">Llegeix m\u00e9s\u00bb<\/a><\/p>\n","protected":false},"author":829,"featured_media":902,"comment_status":"open","ping_status":"closed","sticky":false,"template":"","format":"standard","meta":{"_bbp_topic_count":0,"_bbp_reply_count":0,"_bbp_total_topic_count":0,"_bbp_total_reply_count":0,"_bbp_voice_count":0,"_bbp_anonymous_reply_count":0,"_bbp_topic_count_hidden":0,"_bbp_reply_count_hidden":0,"_bbp_forum_subforum_count":0,"footnotes":""},"categories":[8,1,29],"tags":[],"class_list":["post-2386","post","type-post","status-publish","format-standard","has-post-thumbnail","hentry","category-batxillerat","category-general","category-portada"],"post_mailing_queue_ids":[],"_links":{"self":[{"href":"https:\/\/agora.xtec.cat\/iespaucasals-badalona\/wp-json\/wp\/v2\/posts\/2386","targetHints":{"allow":["GET"]}}],"collection":[{"href":"https:\/\/agora.xtec.cat\/iespaucasals-badalona\/wp-json\/wp\/v2\/posts"}],"about":[{"href":"https:\/\/agora.xtec.cat\/iespaucasals-badalona\/wp-json\/wp\/v2\/types\/post"}],"author":[{"embeddable":true,"href":"https:\/\/agora.xtec.cat\/iespaucasals-badalona\/wp-json\/wp\/v2\/users\/829"}],"replies":[{"embeddable":true,"href":"https:\/\/agora.xtec.cat\/iespaucasals-badalona\/wp-json\/wp\/v2\/comments?post=2386"}],"version-history":[{"count":2,"href":"https:\/\/agora.xtec.cat\/iespaucasals-badalona\/wp-json\/wp\/v2\/posts\/2386\/revisions"}],"predecessor-version":[{"id":2388,"href":"https:\/\/agora.xtec.cat\/iespaucasals-badalona\/wp-json\/wp\/v2\/posts\/2386\/revisions\/2388"}],"wp:featuredmedia":[{"embeddable":true,"href":"https:\/\/agora.xtec.cat\/iespaucasals-badalona\/wp-json\/wp\/v2\/media\/902"}],"wp:attachment":[{"href":"https:\/\/agora.xtec.cat\/iespaucasals-badalona\/wp-json\/wp\/v2\/media?parent=2386"}],"wp:term":[{"taxonomy":"category","embeddable":true,"href":"https:\/\/agora.xtec.cat\/iespaucasals-badalona\/wp-json\/wp\/v2\/categories?post=2386"},{"taxonomy":"post_tag","embeddable":true,"href":"https:\/\/agora.xtec.cat\/iespaucasals-badalona\/wp-json\/wp\/v2\/tags?post=2386"}],"curies":[{"name":"wp","href":"https:\/\/api.w.org\/{rel}","templated":true}]}}