{"id":2299,"date":"2019-09-04T10:58:54","date_gmt":"2019-09-04T08:58:54","guid":{"rendered":"http:\/\/agora.xtec.cat\/iespaucasals-badalona\/?p=2299"},"modified":"2019-09-04T10:58:54","modified_gmt":"2019-09-04T08:58:54","slug":"beques-alumnes-de-batxillerat-2019-2020","status":"publish","type":"post","link":"https:\/\/agora.xtec.cat\/iespaucasals-badalona\/general\/beques-alumnes-de-batxillerat-2019-2020\/","title":{"rendered":"Beques alumnes de batxillerat 2019\/2020"},"content":{"rendered":"<p>El termini per a sol\u00b7licitar les beques per als ensenyaments postobligatoris \u00e9s fins al dia 1 d&#8217;octubre de 2.019.<\/p>\n<p>Al seg\u00fcent enlla\u00e7 teniu tota la informaci\u00f3 per a poder fer els tr\u00e0mits corresponents.<\/p>\n<p><a href=\"http:\/\/web.gencat.cat\/ca\/tramits\/tramits-temes\/247-beques-ministerio-postobligatoris\" target=\"_blank\" rel=\"noopener noreferrer\">http:\/\/web.gencat.cat\/ca\/tramits\/tramits-temes\/247-beques-ministerio-postobligatoris<\/a><\/p>\n<p>&nbsp;<\/p>\n","protected":false},"excerpt":{"rendered":"<p>El termini per a sol\u00b7licitar les beques per als ensenyaments postobligatoris \u00e9s fins al dia 1 d&#8217;octubre de 2.019.<br \/>\nAl seg\u00fcent enlla\u00e7 teniu tota la informaci\u00f3 per a poder fer els tr\u00e0mits corresponents.<br \/>\n<a href=\"http:\/\/web.gencat.cat\/ca\/tramits\/tramits-temes\/247-beques-ministerio-postobligatoris\" target=\"_blank\" rel=\"noopener noreferrer\">http:\/\/web.gencat.cat\/ca\/tramits\/tramits-temes\/247-beques-ministerio-postobligatoris<\/a><br \/>\n&nbsp;<\/p>\n","protected":false},"author":829,"featured_media":902,"comment_status":"open","ping_status":"closed","sticky":false,"template":"","format":"standard","meta":{"_bbp_topic_count":0,"_bbp_reply_count":0,"_bbp_total_topic_count":0,"_bbp_total_reply_count":0,"_bbp_voice_count":0,"_bbp_anonymous_reply_count":0,"_bbp_topic_count_hidden":0,"_bbp_reply_count_hidden":0,"_bbp_forum_subforum_count":0,"footnotes":""},"categories":[8,1,29],"tags":[193,63],"class_list":["post-2299","post","type-post","status-publish","format-standard","has-post-thumbnail","hentry","category-batxillerat","category-general","category-portada","tag-batxillerat","tag-noticies"],"post_mailing_queue_ids":[],"_links":{"self":[{"href":"https:\/\/agora.xtec.cat\/iespaucasals-badalona\/wp-json\/wp\/v2\/posts\/2299","targetHints":{"allow":["GET"]}}],"collection":[{"href":"https:\/\/agora.xtec.cat\/iespaucasals-badalona\/wp-json\/wp\/v2\/posts"}],"about":[{"href":"https:\/\/agora.xtec.cat\/iespaucasals-badalona\/wp-json\/wp\/v2\/types\/post"}],"author":[{"embeddable":true,"href":"https:\/\/agora.xtec.cat\/iespaucasals-badalona\/wp-json\/wp\/v2\/users\/829"}],"replies":[{"embeddable":true,"href":"https:\/\/agora.xtec.cat\/iespaucasals-badalona\/wp-json\/wp\/v2\/comments?post=2299"}],"version-history":[{"count":1,"href":"https:\/\/agora.xtec.cat\/iespaucasals-badalona\/wp-json\/wp\/v2\/posts\/2299\/revisions"}],"predecessor-version":[{"id":2300,"href":"https:\/\/agora.xtec.cat\/iespaucasals-badalona\/wp-json\/wp\/v2\/posts\/2299\/revisions\/2300"}],"wp:featuredmedia":[{"embeddable":true,"href":"https:\/\/agora.xtec.cat\/iespaucasals-badalona\/wp-json\/wp\/v2\/media\/902"}],"wp:attachment":[{"href":"https:\/\/agora.xtec.cat\/iespaucasals-badalona\/wp-json\/wp\/v2\/media?parent=2299"}],"wp:term":[{"taxonomy":"category","embeddable":true,"href":"https:\/\/agora.xtec.cat\/iespaucasals-badalona\/wp-json\/wp\/v2\/categories?post=2299"},{"taxonomy":"post_tag","embeddable":true,"href":"https:\/\/agora.xtec.cat\/iespaucasals-badalona\/wp-json\/wp\/v2\/tags?post=2299"}],"curies":[{"name":"wp","href":"https:\/\/api.w.org\/{rel}","templated":true}]}}