{"id":1871,"date":"2018-12-07T13:15:00","date_gmt":"2018-12-07T12:15:00","guid":{"rendered":"http:\/\/agora.xtec.cat\/iespaucasals-badalona\/?p=1871"},"modified":"2018-12-07T13:20:12","modified_gmt":"2018-12-07T12:20:12","slug":"dades-i-horaris-pau-2019","status":"publish","type":"post","link":"https:\/\/agora.xtec.cat\/iespaucasals-badalona\/general\/dades-i-horaris-pau-2019\/","title":{"rendered":"Dates i horaris PAU 2019"},"content":{"rendered":"<p>Ja es coneixen els terminis relacionats amb tot el proc\u00e9s de matriculaci\u00f3 i tr\u00e0mits de les PAU per a l&#8217;any 2.019. Tamb\u00e9 s&#8217;han publicat les dates i els horaris dels ex\u00e0mens de cada mat\u00e8ria.<\/p>\n<p>Tota aquesta informaci\u00f3 es pot consultar en aquests enlla\u00e7os:<\/p>\n<p style=\"text-align: center;\"><a href=\"http:\/\/universitats.gencat.cat\/ca\/pau\/calendari_pau\/\" target=\"_blank\" rel=\"noopener\">Calendari de les convocat\u00f2ries de 2019<\/a><\/p>\n<p style=\"text-align: center;\"><a href=\"http:\/\/universitats.gencat.cat\/ca\/pau\/pau_dia_prova\/horari_lloc_prova\/\" target=\"_blank\" rel=\"noopener\">Horari dels ex\u00e0mens de cada mat\u00e8ria<\/a><\/p>\n","protected":false},"excerpt":{"rendered":"<p>Ja es coneixen els terminis relacionats amb tot el proc\u00e9s de matriculaci\u00f3 i tr\u00e0mits de les PAU per a l&#8217;any 2.019. Tamb\u00e9 s&#8217;han publicat les dates i els horaris dels ex\u00e0mens de cada mat\u00e8ria.<br \/>\nTota aquesta informaci\u00f3 es pot consultar en aquests enlla\u00e7os:<br \/>\n<a href=\"http:\/\/universitats.gencat.cat\/ca\/pau\/calendari_pau\/\" target=\"_blank\" rel=\"noopener\">Calendari&hellip;  <a href=\"https:\/\/agora.xtec.cat\/iespaucasals-badalona\/general\/dades-i-horaris-pau-2019\/\" title=\"Read Dates i horaris PAU 2019\">Llegeix m\u00e9s\u00bb<\/a><\/p>\n","protected":false},"author":829,"featured_media":902,"comment_status":"open","ping_status":"closed","sticky":false,"template":"","format":"standard","meta":{"_bbp_topic_count":0,"_bbp_reply_count":0,"_bbp_total_topic_count":0,"_bbp_total_reply_count":0,"_bbp_voice_count":0,"_bbp_anonymous_reply_count":0,"_bbp_topic_count_hidden":0,"_bbp_reply_count_hidden":0,"_bbp_forum_subforum_count":0,"footnotes":""},"categories":[8,1,29],"tags":[193,63,217],"class_list":["post-1871","post","type-post","status-publish","format-standard","has-post-thumbnail","hentry","category-batxillerat","category-general","category-portada","tag-batxillerat","tag-noticies","tag-pau"],"post_mailing_queue_ids":[],"_links":{"self":[{"href":"https:\/\/agora.xtec.cat\/iespaucasals-badalona\/wp-json\/wp\/v2\/posts\/1871","targetHints":{"allow":["GET"]}}],"collection":[{"href":"https:\/\/agora.xtec.cat\/iespaucasals-badalona\/wp-json\/wp\/v2\/posts"}],"about":[{"href":"https:\/\/agora.xtec.cat\/iespaucasals-badalona\/wp-json\/wp\/v2\/types\/post"}],"author":[{"embeddable":true,"href":"https:\/\/agora.xtec.cat\/iespaucasals-badalona\/wp-json\/wp\/v2\/users\/829"}],"replies":[{"embeddable":true,"href":"https:\/\/agora.xtec.cat\/iespaucasals-badalona\/wp-json\/wp\/v2\/comments?post=1871"}],"version-history":[{"count":3,"href":"https:\/\/agora.xtec.cat\/iespaucasals-badalona\/wp-json\/wp\/v2\/posts\/1871\/revisions"}],"predecessor-version":[{"id":1874,"href":"https:\/\/agora.xtec.cat\/iespaucasals-badalona\/wp-json\/wp\/v2\/posts\/1871\/revisions\/1874"}],"wp:featuredmedia":[{"embeddable":true,"href":"https:\/\/agora.xtec.cat\/iespaucasals-badalona\/wp-json\/wp\/v2\/media\/902"}],"wp:attachment":[{"href":"https:\/\/agora.xtec.cat\/iespaucasals-badalona\/wp-json\/wp\/v2\/media?parent=1871"}],"wp:term":[{"taxonomy":"category","embeddable":true,"href":"https:\/\/agora.xtec.cat\/iespaucasals-badalona\/wp-json\/wp\/v2\/categories?post=1871"},{"taxonomy":"post_tag","embeddable":true,"href":"https:\/\/agora.xtec.cat\/iespaucasals-badalona\/wp-json\/wp\/v2\/tags?post=1871"}],"curies":[{"name":"wp","href":"https:\/\/api.w.org\/{rel}","templated":true}]}}