{"id":1849,"date":"2018-11-20T11:44:51","date_gmt":"2018-11-20T10:44:51","guid":{"rendered":"http:\/\/agora.xtec.cat\/iespaucasals-badalona\/?p=1849"},"modified":"2018-11-20T11:44:51","modified_gmt":"2018-11-20T10:44:51","slug":"xerrada-quin-preu-es-paga-per-una-imprudencia","status":"publish","type":"post","link":"https:\/\/agora.xtec.cat\/iespaucasals-badalona\/general\/xerrada-quin-preu-es-paga-per-una-imprudencia\/","title":{"rendered":"Xerrada &#8220;Quin preu es paga per una imprud\u00e8ncia?&#8221;"},"content":{"rendered":"<p><a href=\"https:\/\/agora.xtec.cat\/iespaucasals-badalona\/wp-content\/uploads\/usu781\/2018\/11\/IMG_20181113_113109-2.jpg\"><img loading=\"lazy\" decoding=\"async\" class=\"wp-image-1855 alignleft\" src=\"https:\/\/agora.xtec.cat\/iespaucasals-badalona\/wp-content\/uploads\/usu781\/2018\/11\/IMG_20181113_113109-2-1024x768.jpg\" alt=\"\" width=\"176\" height=\"132\" srcset=\"https:\/\/agora.xtec.cat\/iespaucasals-badalona\/wp-content\/uploads\/usu781\/2018\/11\/IMG_20181113_113109-2-1024x768.jpg 1024w, https:\/\/agora.xtec.cat\/iespaucasals-badalona\/wp-content\/uploads\/usu781\/2018\/11\/IMG_20181113_113109-2-300x225.jpg 300w, https:\/\/agora.xtec.cat\/iespaucasals-badalona\/wp-content\/uploads\/usu781\/2018\/11\/IMG_20181113_113109-2-768x576.jpg 768w, https:\/\/agora.xtec.cat\/iespaucasals-badalona\/wp-content\/uploads\/usu781\/2018\/11\/IMG_20181113_113109-2-200x150.jpg 200w\" sizes=\"auto, (max-width: 176px) 100vw, 176px\" \/><\/a>El passat dimarts 13 de novembre l\u2019alumnat de 1er de Batxillerat van assistir a la xerrada \u201cQuin preu es paga per una imprud\u00e8ncia\u201d , oferta per la Gu\u00e0rdia Urbana de Badalona i l\u2019Institut Guttmann,\u00a0\u00a0dins de la programaci\u00f3 d&#8217;educaci\u00f3 vi\u00e0ria.<\/p>\n<p>Tots plegats van aprendre a valorar, encara m\u00e9s, la import\u00e0ncia de la prevenci\u00f3 i de l\u2019autoprotecci\u00f3, aix\u00ed com a reflexionar sobre les conseq\u00fc\u00e8ncies derivades\u00a0\u00a0d\u2019un accident, entre d\u2019altres coses.\u00a0<a href=\"https:\/\/agora.xtec.cat\/iespaucasals-badalona\/wp-content\/uploads\/usu781\/2018\/11\/IMG_20181113_113118.jpg\"><img loading=\"lazy\" decoding=\"async\" class=\" wp-image-1850 alignright\" src=\"https:\/\/agora.xtec.cat\/iespaucasals-badalona\/wp-content\/uploads\/usu781\/2018\/11\/IMG_20181113_113118-1024x768.jpg\" alt=\"\" width=\"188\" height=\"141\" srcset=\"https:\/\/agora.xtec.cat\/iespaucasals-badalona\/wp-content\/uploads\/usu781\/2018\/11\/IMG_20181113_113118-1024x768.jpg 1024w, https:\/\/agora.xtec.cat\/iespaucasals-badalona\/wp-content\/uploads\/usu781\/2018\/11\/IMG_20181113_113118-300x225.jpg 300w, https:\/\/agora.xtec.cat\/iespaucasals-badalona\/wp-content\/uploads\/usu781\/2018\/11\/IMG_20181113_113118-768x576.jpg 768w, https:\/\/agora.xtec.cat\/iespaucasals-badalona\/wp-content\/uploads\/usu781\/2018\/11\/IMG_20181113_113118-200x150.jpg 200w\" sizes=\"auto, (max-width: 188px) 100vw, 188px\" \/><\/a><\/p>\n<p>La qualitat humana i l&#8217;emoci\u00f3 amb qu\u00e8 van saber tractar el\u00a0\u00a0tema i traslladar-nos els\u00a0\u00a0seus valors\u00a0\u00a0van ser\u00a0\u00a0impressionants.\u00a0<strong>Molt\u00edssimes gr\u00e0cies: Mireia, Jos\u00e9 Mar\u00eda, Xavi i Llu\u00eds!!!\u00a0<\/strong><\/p>\n<p><a href=\"https:\/\/agora.xtec.cat\/iespaucasals-badalona\/wp-content\/uploads\/usu781\/2018\/11\/IMG_20181113_113131-1.jpg\"><img loading=\"lazy\" decoding=\"async\" class=\"wp-image-1852 alignleft\" src=\"https:\/\/agora.xtec.cat\/iespaucasals-badalona\/wp-content\/uploads\/usu781\/2018\/11\/IMG_20181113_113131-1-1024x768.jpg\" alt=\"\" width=\"175\" height=\"132\" srcset=\"https:\/\/agora.xtec.cat\/iespaucasals-badalona\/wp-content\/uploads\/usu781\/2018\/11\/IMG_20181113_113131-1-1024x768.jpg 1024w, https:\/\/agora.xtec.cat\/iespaucasals-badalona\/wp-content\/uploads\/usu781\/2018\/11\/IMG_20181113_113131-1-300x225.jpg 300w, https:\/\/agora.xtec.cat\/iespaucasals-badalona\/wp-content\/uploads\/usu781\/2018\/11\/IMG_20181113_113131-1-768x576.jpg 768w, https:\/\/agora.xtec.cat\/iespaucasals-badalona\/wp-content\/uploads\/usu781\/2018\/11\/IMG_20181113_113131-1-200x150.jpg 200w\" sizes=\"auto, (max-width: 175px) 100vw, 175px\" \/><\/a><\/p>\n","protected":false},"excerpt":{"rendered":"<p>Quin preu es paga per una imprud\u00e8ncia?&hellip;  <a href=\"https:\/\/agora.xtec.cat\/iespaucasals-badalona\/general\/xerrada-quin-preu-es-paga-per-una-imprudencia\/\" title=\"Read Xerrada &#8220;Quin preu es paga per una imprud\u00e8ncia?&#8221;\">Llegeix m\u00e9s\u00bb<\/a><\/p>\n","protected":false},"author":1,"featured_media":1855,"comment_status":"open","ping_status":"closed","sticky":false,"template":"","format":"standard","meta":{"_bbp_topic_count":0,"_bbp_reply_count":0,"_bbp_total_topic_count":0,"_bbp_total_reply_count":0,"_bbp_voice_count":0,"_bbp_anonymous_reply_count":0,"_bbp_topic_count_hidden":0,"_bbp_reply_count_hidden":0,"_bbp_forum_subforum_count":0,"footnotes":""},"categories":[8,1,29],"tags":[193,339,340],"class_list":["post-1849","post","type-post","status-publish","format-standard","has-post-thumbnail","hentry","category-batxillerat","category-general","category-portada","tag-batxillerat","tag-educacio-viaria","tag-institut-guttman"],"post_mailing_queue_ids":[],"_links":{"self":[{"href":"https:\/\/agora.xtec.cat\/iespaucasals-badalona\/wp-json\/wp\/v2\/posts\/1849","targetHints":{"allow":["GET"]}}],"collection":[{"href":"https:\/\/agora.xtec.cat\/iespaucasals-badalona\/wp-json\/wp\/v2\/posts"}],"about":[{"href":"https:\/\/agora.xtec.cat\/iespaucasals-badalona\/wp-json\/wp\/v2\/types\/post"}],"author":[{"embeddable":true,"href":"https:\/\/agora.xtec.cat\/iespaucasals-badalona\/wp-json\/wp\/v2\/users\/1"}],"replies":[{"embeddable":true,"href":"https:\/\/agora.xtec.cat\/iespaucasals-badalona\/wp-json\/wp\/v2\/comments?post=1849"}],"version-history":[{"count":2,"href":"https:\/\/agora.xtec.cat\/iespaucasals-badalona\/wp-json\/wp\/v2\/posts\/1849\/revisions"}],"predecessor-version":[{"id":1856,"href":"https:\/\/agora.xtec.cat\/iespaucasals-badalona\/wp-json\/wp\/v2\/posts\/1849\/revisions\/1856"}],"wp:featuredmedia":[{"embeddable":true,"href":"https:\/\/agora.xtec.cat\/iespaucasals-badalona\/wp-json\/wp\/v2\/media\/1855"}],"wp:attachment":[{"href":"https:\/\/agora.xtec.cat\/iespaucasals-badalona\/wp-json\/wp\/v2\/media?parent=1849"}],"wp:term":[{"taxonomy":"category","embeddable":true,"href":"https:\/\/agora.xtec.cat\/iespaucasals-badalona\/wp-json\/wp\/v2\/categories?post=1849"},{"taxonomy":"post_tag","embeddable":true,"href":"https:\/\/agora.xtec.cat\/iespaucasals-badalona\/wp-json\/wp\/v2\/tags?post=1849"}],"curies":[{"name":"wp","href":"https:\/\/api.w.org\/{rel}","templated":true}]}}