{"id":1814,"date":"2018-09-06T10:43:36","date_gmt":"2018-09-06T08:43:36","guid":{"rendered":"http:\/\/agora.xtec.cat\/iespaucasals-badalona\/?p=1814"},"modified":"2018-09-06T10:43:36","modified_gmt":"2018-09-06T08:43:36","slug":"beques-alumnes-de-batxillerat-curs-2018-2019","status":"publish","type":"post","link":"https:\/\/agora.xtec.cat\/iespaucasals-badalona\/general\/beques-alumnes-de-batxillerat-curs-2018-2019\/","title":{"rendered":"Beques alumnes de Batxillerat curs 2018\/2019"},"content":{"rendered":"<p>El termini per a presentar la sol\u00b7licitud de beques per a estudiants que cursen ensenyaments postobligatoris no universitaris \u00e9s fins al dia 1 d&#8217;octubre de 2018.<\/p>\n<p>Al seg\u00fcent enlla\u00e7 teniu tota la informaci\u00f3.<\/p>\n<p><a href=\"http:\/\/web.gencat.cat\/ca\/tramits\/tramits-temes\/247-beques-ministerio-postobligatoris\" target=\"_blank\" rel=\"noopener\">Beques per ensenyaments postobligatoris. <\/a><\/p>\n","protected":false},"excerpt":{"rendered":"<p>El termini per a presentar la sol\u00b7licitud de beques per a estudiants que cursen ensenyaments postobligatoris no universitaris \u00e9s fins al dia 1 d&#8217;octubre de 2018.<br \/>\nAl seg\u00fcent enlla\u00e7 teniu tota la informaci\u00f3.<br \/>\n<a href=\"http:\/\/web.gencat.cat\/ca\/tramits\/tramits-temes\/247-beques-ministerio-postobligatoris\" target=\"_blank\" rel=\"noopener\">Beques per ensenyaments postobligatoris. <\/a><\/p>\n","protected":false},"author":829,"featured_media":902,"comment_status":"open","ping_status":"closed","sticky":false,"template":"","format":"standard","meta":{"_bbp_topic_count":0,"_bbp_reply_count":0,"_bbp_total_topic_count":0,"_bbp_total_reply_count":0,"_bbp_voice_count":0,"_bbp_anonymous_reply_count":0,"_bbp_topic_count_hidden":0,"_bbp_reply_count_hidden":0,"_bbp_forum_subforum_count":0,"footnotes":""},"categories":[8,1,29],"tags":[],"class_list":["post-1814","post","type-post","status-publish","format-standard","has-post-thumbnail","hentry","category-batxillerat","category-general","category-portada"],"post_mailing_queue_ids":[],"_links":{"self":[{"href":"https:\/\/agora.xtec.cat\/iespaucasals-badalona\/wp-json\/wp\/v2\/posts\/1814","targetHints":{"allow":["GET"]}}],"collection":[{"href":"https:\/\/agora.xtec.cat\/iespaucasals-badalona\/wp-json\/wp\/v2\/posts"}],"about":[{"href":"https:\/\/agora.xtec.cat\/iespaucasals-badalona\/wp-json\/wp\/v2\/types\/post"}],"author":[{"embeddable":true,"href":"https:\/\/agora.xtec.cat\/iespaucasals-badalona\/wp-json\/wp\/v2\/users\/829"}],"replies":[{"embeddable":true,"href":"https:\/\/agora.xtec.cat\/iespaucasals-badalona\/wp-json\/wp\/v2\/comments?post=1814"}],"version-history":[{"count":1,"href":"https:\/\/agora.xtec.cat\/iespaucasals-badalona\/wp-json\/wp\/v2\/posts\/1814\/revisions"}],"predecessor-version":[{"id":1815,"href":"https:\/\/agora.xtec.cat\/iespaucasals-badalona\/wp-json\/wp\/v2\/posts\/1814\/revisions\/1815"}],"wp:featuredmedia":[{"embeddable":true,"href":"https:\/\/agora.xtec.cat\/iespaucasals-badalona\/wp-json\/wp\/v2\/media\/902"}],"wp:attachment":[{"href":"https:\/\/agora.xtec.cat\/iespaucasals-badalona\/wp-json\/wp\/v2\/media?parent=1814"}],"wp:term":[{"taxonomy":"category","embeddable":true,"href":"https:\/\/agora.xtec.cat\/iespaucasals-badalona\/wp-json\/wp\/v2\/categories?post=1814"},{"taxonomy":"post_tag","embeddable":true,"href":"https:\/\/agora.xtec.cat\/iespaucasals-badalona\/wp-json\/wp\/v2\/tags?post=1814"}],"curies":[{"name":"wp","href":"https:\/\/api.w.org\/{rel}","templated":true}]}}