{"id":9720,"date":"2026-02-25T08:15:17","date_gmt":"2026-02-25T07:15:17","guid":{"rendered":"https:\/\/agora.xtec.cat\/iesnumancia\/?p=9720"},"modified":"2026-02-24T23:39:59","modified_gmt":"2026-02-24T22:39:59","slug":"el-numancia-tanca-amb-exit-les-jornades-de-portes-obertes","status":"publish","type":"post","link":"https:\/\/agora.xtec.cat\/iesnumancia\/portada\/el-numancia-tanca-amb-exit-les-jornades-de-portes-obertes\/","title":{"rendered":"El Num\u00e0ncia tanca amb \u00e8xit les jornades de portes obertes"},"content":{"rendered":"<table style=\"border-collapse: collapse; width: 100%;\">\n<tbody>\n<tr>\n<td style=\"width: 50%;\"><img loading=\"lazy\" decoding=\"async\" class=\"aligncenter wp-image-9722\" src=\"https:\/\/agora.xtec.cat\/iesnumancia\/wp-content\/uploads\/usu2267\/2026\/02\/IMG_20260220_104206-scaled.jpg\" alt=\"\" width=\"603\" height=\"800\" \/><\/td>\n<td style=\"width: 50%;\"><img loading=\"lazy\" decoding=\"async\" class=\"aligncenter wp-image-9723\" src=\"https:\/\/agora.xtec.cat\/iesnumancia\/wp-content\/uploads\/usu2267\/2026\/02\/IMG_20260220_105436-scaled.jpg\" alt=\"\" width=\"603\" height=\"800\" srcset=\"https:\/\/agora.xtec.cat\/iesnumancia\/wp-content\/uploads\/usu2267\/2026\/02\/IMG_20260220_105436-scaled.jpg 1928w, https:\/\/agora.xtec.cat\/iesnumancia\/wp-content\/uploads\/usu2267\/2026\/02\/IMG_20260220_105436-226x300.jpg 226w, https:\/\/agora.xtec.cat\/iesnumancia\/wp-content\/uploads\/usu2267\/2026\/02\/IMG_20260220_105436-771x1024.jpg 771w, https:\/\/agora.xtec.cat\/iesnumancia\/wp-content\/uploads\/usu2267\/2026\/02\/IMG_20260220_105436-768x1020.jpg 768w, https:\/\/agora.xtec.cat\/iesnumancia\/wp-content\/uploads\/usu2267\/2026\/02\/IMG_20260220_105436-1157x1536.jpg 1157w, https:\/\/agora.xtec.cat\/iesnumancia\/wp-content\/uploads\/usu2267\/2026\/02\/IMG_20260220_105436-1542x2048.jpg 1542w\" sizes=\"auto, (max-width: 603px) 100vw, 603px\" \/><\/td>\n<\/tr>\n<\/tbody>\n<\/table>\n<p>Les jornades de portes obertes al Num\u00e0ncia han arribat al seu final despr\u00e9s d\u2019unes setmanes plenes d\u2019activitat. Durant aquest per\u00edode, el centre ha obert les seves portes per donar a con\u00e8ixer el projecte educatiu, els espais i el dia a dia de l\u2019alumnat a fam\u00edlies i estudiants de 6\u00e8 de prim\u00e0ria i de 4t d&#8217;ESO interessats a formar part de la nostra comunitat.<\/p>\n<p>Al llarg d\u2019aquestes setmanes, hem tingut el plaer de rebre la visita de diferents escoles del nostre entorn. En concret, en aquest segon torn de portes obertes, ens han visitat alumnes de les escoles Ausi\u00e0s March, Rossell\u00f3 P\u00f2rcel, Salvat Papasseit, Riera Alta, Wagner, Serra de Marina, Les Palmeres i Merc\u00e8 Rodoreda.<\/p>\n<p>Les visites han incl\u00f2s recorreguts per les instal\u00b7lacions amb els nostres guies voluntaris de primer i segon d&#8217;ESO, i explicacions sobre l\u2019oferta formativa. Tamb\u00e9 ha estat una oportunitat perqu\u00e8 els futurs alumnes coneguessin de primera m\u00e0 el funcionament del centre, el professorat i alguns dels projectes que es duen a terme al llarg del curs.<\/p>\n<p>Des del Num\u00e0ncia volem agrair la participaci\u00f3 i l\u2019inter\u00e8s de totes les escoles i fam\u00edlies que ens han visitat.<\/p>\n<p><img loading=\"lazy\" decoding=\"async\" class=\"aligncenter wp-image-9721\" src=\"https:\/\/agora.xtec.cat\/iesnumancia\/wp-content\/uploads\/usu2267\/2026\/02\/IMG_20260219_111037-scaled.jpg\" alt=\"\" width=\"800\" height=\"603\" \/><\/p>\n","protected":false},"excerpt":{"rendered":"<p>Les jornades de portes obertes al Num\u00e0ncia han arribat al seu final despr\u00e9s d\u2019unes setmanes plenes d\u2019activitat. Durant aquest per\u00edode, el centre ha obert les seves portes per donar a con\u00e8ixer el projecte educatiu, els espais i el dia a dia de l\u2019alumnat a fam\u00edlies&hellip;  <a href=\"https:\/\/agora.xtec.cat\/iesnumancia\/portada\/el-numancia-tanca-amb-exit-les-jornades-de-portes-obertes\/\" title=\"Read El Num\u00e0ncia tanca amb \u00e8xit les jornades de portes obertes\">Llegeix m\u00e9s\u00bb<\/a><\/p>\n","protected":false},"author":1,"featured_media":9723,"comment_status":"closed","ping_status":"closed","sticky":false,"template":"","format":"standard","meta":{"_bbp_topic_count":0,"_bbp_reply_count":0,"_bbp_total_topic_count":0,"_bbp_total_reply_count":0,"_bbp_voice_count":0,"_bbp_anonymous_reply_count":0,"_bbp_topic_count_hidden":0,"_bbp_reply_count_hidden":0,"_bbp_forum_subforum_count":0,"footnotes":""},"categories":[119,29],"tags":[752,109],"class_list":["post-9720","post","type-post","status-publish","format-standard","has-post-thumbnail","hentry","category-noticies-activitats-de-centre","category-portada","tag-752","tag-portes-obertes"],"post_mailing_queue_ids":[],"_links":{"self":[{"href":"https:\/\/agora.xtec.cat\/iesnumancia\/wp-json\/wp\/v2\/posts\/9720","targetHints":{"allow":["GET"]}}],"collection":[{"href":"https:\/\/agora.xtec.cat\/iesnumancia\/wp-json\/wp\/v2\/posts"}],"about":[{"href":"https:\/\/agora.xtec.cat\/iesnumancia\/wp-json\/wp\/v2\/types\/post"}],"author":[{"embeddable":true,"href":"https:\/\/agora.xtec.cat\/iesnumancia\/wp-json\/wp\/v2\/users\/1"}],"replies":[{"embeddable":true,"href":"https:\/\/agora.xtec.cat\/iesnumancia\/wp-json\/wp\/v2\/comments?post=9720"}],"version-history":[{"count":2,"href":"https:\/\/agora.xtec.cat\/iesnumancia\/wp-json\/wp\/v2\/posts\/9720\/revisions"}],"predecessor-version":[{"id":9725,"href":"https:\/\/agora.xtec.cat\/iesnumancia\/wp-json\/wp\/v2\/posts\/9720\/revisions\/9725"}],"wp:featuredmedia":[{"embeddable":true,"href":"https:\/\/agora.xtec.cat\/iesnumancia\/wp-json\/wp\/v2\/media\/9723"}],"wp:attachment":[{"href":"https:\/\/agora.xtec.cat\/iesnumancia\/wp-json\/wp\/v2\/media?parent=9720"}],"wp:term":[{"taxonomy":"category","embeddable":true,"href":"https:\/\/agora.xtec.cat\/iesnumancia\/wp-json\/wp\/v2\/categories?post=9720"},{"taxonomy":"post_tag","embeddable":true,"href":"https:\/\/agora.xtec.cat\/iesnumancia\/wp-json\/wp\/v2\/tags?post=9720"}],"curies":[{"name":"wp","href":"https:\/\/api.w.org\/{rel}","templated":true}]}}