{"id":8371,"date":"2025-05-05T13:00:18","date_gmt":"2025-05-05T11:00:18","guid":{"rendered":"https:\/\/agora.xtec.cat\/iesnumancia\/?p=8371"},"modified":"2025-05-04T19:43:19","modified_gmt":"2025-05-04T17:43:19","slug":"antigona-pren-vida-a-laula-de-2n-deso","status":"publish","type":"post","link":"https:\/\/agora.xtec.cat\/iesnumancia\/portada\/antigona-pren-vida-a-laula-de-2n-deso\/","title":{"rendered":"Ant\u00edgona pren vida a l\u2019aula de 2n d\u2019ESO"},"content":{"rendered":"<p><img loading=\"lazy\" decoding=\"async\" class=\"aligncenter wp-image-8372\" src=\"https:\/\/agora.xtec.cat\/iesnumancia\/wp-content\/uploads\/usu2267\/2025\/05\/1745929723339-scaled.jpg\" alt=\"\" width=\"700\" height=\"314\" srcset=\"https:\/\/agora.xtec.cat\/iesnumancia\/wp-content\/uploads\/usu2267\/2025\/05\/1745929723339-scaled.jpg 2560w, https:\/\/agora.xtec.cat\/iesnumancia\/wp-content\/uploads\/usu2267\/2025\/05\/1745929723339-300x135.jpg 300w, https:\/\/agora.xtec.cat\/iesnumancia\/wp-content\/uploads\/usu2267\/2025\/05\/1745929723339-1024x460.jpg 1024w, https:\/\/agora.xtec.cat\/iesnumancia\/wp-content\/uploads\/usu2267\/2025\/05\/1745929723339-768x345.jpg 768w, https:\/\/agora.xtec.cat\/iesnumancia\/wp-content\/uploads\/usu2267\/2025\/05\/1745929723339-1536x690.jpg 1536w, https:\/\/agora.xtec.cat\/iesnumancia\/wp-content\/uploads\/usu2267\/2025\/05\/1745929723339-2048x920.jpg 2048w\" sizes=\"auto, (max-width: 700px) 100vw, 700px\" \/><\/p>\n<p>L\u2019alumnat de <strong><em>Literatura Catalana de 2n B de Batxillerat<\/em><\/strong> ha protagonitzat una activitat molt especial amb motiu de la setmana cultural 2025: la presentaci\u00f3 d\u2019una adaptaci\u00f3 d\u2019Ant\u00edgona, de S\u00f2focles, davant dels estudiants de 2n d\u2019ESO.<\/p>\n<p>L\u2019activitat, concebuda com un espai de lectura dramatitzada i reflexi\u00f3 liter\u00e0ria, ha servit per acostar els m\u00e9s joves al m\u00f3n del teatre cl\u00e0ssic i, alhora, per aprofundir en l\u2019obra des de l\u2019experi\u00e8ncia lectora dels de Batxillerat. Amb passi\u00f3 i comprom\u00eds, els alumnes han donat veu i cos als personatges d\u2019aquesta trag\u00e8dia grega, destacant-ne els conflictes \u00e8tics, pol\u00edtics i familiars que encara avui ressonen amb for\u00e7a.<\/p>\n<p>Enhorabona a tot l\u2019alumnat implicat i al professorat que ho ha fet possible!<\/p>\n<p>&nbsp;<\/p>\n","protected":false},"excerpt":{"rendered":"<p>L\u2019alumnat de Literatura Catalana de 2n B de Batxillerat ha protagonitzat una activitat molt especial amb motiu de la setmana cultural 2025: la presentaci\u00f3 d\u2019una adaptaci\u00f3 d\u2019Ant\u00edgona, de S\u00f2focles, davant dels estudiants de 2n d\u2019ESO.<br \/>\nL\u2019activitat, concebuda com un espai de lectura dramatitzada i reflexi\u00f3 liter\u00e0ria,&hellip;  <a href=\"https:\/\/agora.xtec.cat\/iesnumancia\/portada\/antigona-pren-vida-a-laula-de-2n-deso\/\" title=\"Read Ant\u00edgona pren vida a l\u2019aula de 2n d\u2019ESO\">Llegeix m\u00e9s\u00bb<\/a><\/p>\n","protected":false},"author":1,"featured_media":8372,"comment_status":"closed","ping_status":"closed","sticky":false,"template":"","format":"standard","meta":{"_bbp_topic_count":0,"_bbp_reply_count":0,"_bbp_total_topic_count":0,"_bbp_total_reply_count":0,"_bbp_voice_count":0,"_bbp_anonymous_reply_count":0,"_bbp_topic_count_hidden":0,"_bbp_reply_count_hidden":0,"_bbp_forum_subforum_count":0,"footnotes":""},"categories":[29,675],"tags":[634,682],"class_list":["post-8371","post","type-post","status-publish","format-standard","has-post-thumbnail","hentry","category-portada","category-setmana-cultural-_-sant-jordi-2025","tag-634","tag-setmana-cultural"],"post_mailing_queue_ids":[],"_links":{"self":[{"href":"https:\/\/agora.xtec.cat\/iesnumancia\/wp-json\/wp\/v2\/posts\/8371","targetHints":{"allow":["GET"]}}],"collection":[{"href":"https:\/\/agora.xtec.cat\/iesnumancia\/wp-json\/wp\/v2\/posts"}],"about":[{"href":"https:\/\/agora.xtec.cat\/iesnumancia\/wp-json\/wp\/v2\/types\/post"}],"author":[{"embeddable":true,"href":"https:\/\/agora.xtec.cat\/iesnumancia\/wp-json\/wp\/v2\/users\/1"}],"replies":[{"embeddable":true,"href":"https:\/\/agora.xtec.cat\/iesnumancia\/wp-json\/wp\/v2\/comments?post=8371"}],"version-history":[{"count":1,"href":"https:\/\/agora.xtec.cat\/iesnumancia\/wp-json\/wp\/v2\/posts\/8371\/revisions"}],"predecessor-version":[{"id":8373,"href":"https:\/\/agora.xtec.cat\/iesnumancia\/wp-json\/wp\/v2\/posts\/8371\/revisions\/8373"}],"wp:featuredmedia":[{"embeddable":true,"href":"https:\/\/agora.xtec.cat\/iesnumancia\/wp-json\/wp\/v2\/media\/8372"}],"wp:attachment":[{"href":"https:\/\/agora.xtec.cat\/iesnumancia\/wp-json\/wp\/v2\/media?parent=8371"}],"wp:term":[{"taxonomy":"category","embeddable":true,"href":"https:\/\/agora.xtec.cat\/iesnumancia\/wp-json\/wp\/v2\/categories?post=8371"},{"taxonomy":"post_tag","embeddable":true,"href":"https:\/\/agora.xtec.cat\/iesnumancia\/wp-json\/wp\/v2\/tags?post=8371"}],"curies":[{"name":"wp","href":"https:\/\/api.w.org\/{rel}","templated":true}]}}