{"id":6747,"date":"2024-06-13T11:10:01","date_gmt":"2024-06-13T09:10:01","guid":{"rendered":"https:\/\/agora.xtec.cat\/iesnumancia\/?p=6747"},"modified":"2024-06-12T12:50:17","modified_gmt":"2024-06-12T10:50:17","slug":"finalitzem-el-curs-amb-maquetes-de-cellules-a-lespai-40","status":"publish","type":"post","link":"https:\/\/agora.xtec.cat\/iesnumancia\/portada\/finalitzem-el-curs-amb-maquetes-de-cellules-a-lespai-40\/","title":{"rendered":"Finalitzem el curs amb maquetes de c\u00e8l\u00b7lules a l&#8217;espai 40"},"content":{"rendered":"<p style=\"text-align: justify;\">Els models de c\u00e8l\u00b7lules 3D ja han arribat a l&#8217;espai 40. Aquest cop, l&#8217;alumnat de 1r d&#8217;ESO a l&#8217;\u00e0mbit cient\u00edfic-tecnol\u00f2gic ha treballatun tema molt interessant: la c\u00e8l\u00b7lula. Han pogut aprendre les parts de la c\u00e8l\u00b7lula i finalment han creat aquestes peces en 3 i 2 dimensions, maquetes que ens mostren l&#8217;origen de la vida.<\/p>\n<table style=\"border-collapse: collapse; width: 100%;\">\n<tbody>\n<tr>\n<td style=\"width: 33.3333%;\"><img loading=\"lazy\" decoding=\"async\" class=\"aligncenter size-full wp-image-6750\" src=\"https:\/\/agora.xtec.cat\/iesnumancia\/wp-content\/uploads\/usu2267\/2024\/06\/1718186639663.jpg\" alt=\"\" width=\"1020\" height=\"574\" srcset=\"https:\/\/agora.xtec.cat\/iesnumancia\/wp-content\/uploads\/usu2267\/2024\/06\/1718186639663.jpg 1020w, https:\/\/agora.xtec.cat\/iesnumancia\/wp-content\/uploads\/usu2267\/2024\/06\/1718186639663-300x169.jpg 300w, https:\/\/agora.xtec.cat\/iesnumancia\/wp-content\/uploads\/usu2267\/2024\/06\/1718186639663-768x432.jpg 768w\" sizes=\"auto, (max-width: 1020px) 100vw, 1020px\" \/><\/td>\n<td style=\"width: 33.3333%;\"><img loading=\"lazy\" decoding=\"async\" class=\"aligncenter size-full wp-image-6751\" src=\"https:\/\/agora.xtec.cat\/iesnumancia\/wp-content\/uploads\/usu2267\/2024\/06\/1718186639684.jpg\" alt=\"\" width=\"1020\" height=\"574\" srcset=\"https:\/\/agora.xtec.cat\/iesnumancia\/wp-content\/uploads\/usu2267\/2024\/06\/1718186639684.jpg 1020w, https:\/\/agora.xtec.cat\/iesnumancia\/wp-content\/uploads\/usu2267\/2024\/06\/1718186639684-300x169.jpg 300w, https:\/\/agora.xtec.cat\/iesnumancia\/wp-content\/uploads\/usu2267\/2024\/06\/1718186639684-768x432.jpg 768w\" sizes=\"auto, (max-width: 1020px) 100vw, 1020px\" \/><\/td>\n<td style=\"width: 33.3333%;\"><img loading=\"lazy\" decoding=\"async\" class=\"aligncenter size-full wp-image-6749\" src=\"https:\/\/agora.xtec.cat\/iesnumancia\/wp-content\/uploads\/usu2267\/2024\/06\/cellules_24b.jpg\" alt=\"\" width=\"1020\" height=\"574\" srcset=\"https:\/\/agora.xtec.cat\/iesnumancia\/wp-content\/uploads\/usu2267\/2024\/06\/cellules_24b.jpg 1020w, https:\/\/agora.xtec.cat\/iesnumancia\/wp-content\/uploads\/usu2267\/2024\/06\/cellules_24b-300x169.jpg 300w, https:\/\/agora.xtec.cat\/iesnumancia\/wp-content\/uploads\/usu2267\/2024\/06\/cellules_24b-768x432.jpg 768w\" sizes=\"auto, (max-width: 1020px) 100vw, 1020px\" \/><\/td>\n<\/tr>\n<\/tbody>\n<\/table>\n","protected":false},"excerpt":{"rendered":"<p>Els models de c\u00e8l\u00b7lules 3D ja han arribat a l&#8217;espai 40. Aquest cop, l&#8217;alumnat de 1r d&#8217;ESO a l&#8217;\u00e0mbit cient\u00edfic-tecnol\u00f2gic ha treballatun tema molt interessant: la c\u00e8l\u00b7lula. Han pogut aprendre les parts de la c\u00e8l\u00b7lula i finalment han creat aquestes peces en 3 i 2&hellip;  <a href=\"https:\/\/agora.xtec.cat\/iesnumancia\/portada\/finalitzem-el-curs-amb-maquetes-de-cellules-a-lespai-40\/\" title=\"Read Finalitzem el curs amb maquetes de c\u00e8l\u00b7lules a l&#8217;espai 40\">Llegeix m\u00e9s\u00bb<\/a><\/p>\n","protected":false},"author":1,"featured_media":6750,"comment_status":"closed","ping_status":"closed","sticky":false,"template":"","format":"standard","meta":{"_bbp_topic_count":0,"_bbp_reply_count":0,"_bbp_total_topic_count":0,"_bbp_total_reply_count":0,"_bbp_voice_count":0,"_bbp_anonymous_reply_count":0,"_bbp_topic_count_hidden":0,"_bbp_reply_count_hidden":0,"_bbp_forum_subforum_count":0,"footnotes":""},"categories":[410,127,29],"tags":[199,484,241],"class_list":["post-6747","post","type-post","status-publish","format-standard","has-post-thumbnail","hentry","category-exposicions-espai-39-i-40","category-noticies-eso","category-portada","tag-1r-eso","tag-484","tag-ambit-cientific-tecnologic"],"post_mailing_queue_ids":[],"_links":{"self":[{"href":"https:\/\/agora.xtec.cat\/iesnumancia\/wp-json\/wp\/v2\/posts\/6747","targetHints":{"allow":["GET"]}}],"collection":[{"href":"https:\/\/agora.xtec.cat\/iesnumancia\/wp-json\/wp\/v2\/posts"}],"about":[{"href":"https:\/\/agora.xtec.cat\/iesnumancia\/wp-json\/wp\/v2\/types\/post"}],"author":[{"embeddable":true,"href":"https:\/\/agora.xtec.cat\/iesnumancia\/wp-json\/wp\/v2\/users\/1"}],"replies":[{"embeddable":true,"href":"https:\/\/agora.xtec.cat\/iesnumancia\/wp-json\/wp\/v2\/comments?post=6747"}],"version-history":[{"count":2,"href":"https:\/\/agora.xtec.cat\/iesnumancia\/wp-json\/wp\/v2\/posts\/6747\/revisions"}],"predecessor-version":[{"id":6753,"href":"https:\/\/agora.xtec.cat\/iesnumancia\/wp-json\/wp\/v2\/posts\/6747\/revisions\/6753"}],"wp:featuredmedia":[{"embeddable":true,"href":"https:\/\/agora.xtec.cat\/iesnumancia\/wp-json\/wp\/v2\/media\/6750"}],"wp:attachment":[{"href":"https:\/\/agora.xtec.cat\/iesnumancia\/wp-json\/wp\/v2\/media?parent=6747"}],"wp:term":[{"taxonomy":"category","embeddable":true,"href":"https:\/\/agora.xtec.cat\/iesnumancia\/wp-json\/wp\/v2\/categories?post=6747"},{"taxonomy":"post_tag","embeddable":true,"href":"https:\/\/agora.xtec.cat\/iesnumancia\/wp-json\/wp\/v2\/tags?post=6747"}],"curies":[{"name":"wp","href":"https:\/\/api.w.org\/{rel}","templated":true}]}}