{"id":6117,"date":"2024-04-08T08:15:48","date_gmt":"2024-04-08T06:15:48","guid":{"rendered":"https:\/\/agora.xtec.cat\/iesnumancia\/?p=6117"},"modified":"2025-04-22T22:22:30","modified_gmt":"2025-04-22T20:22:30","slug":"exposicio-espai-39-mostra-de-projectes-fotografics","status":"publish","type":"post","link":"https:\/\/agora.xtec.cat\/iesnumancia\/portada\/exposicio-espai-39-mostra-de-projectes-fotografics\/","title":{"rendered":"Exposici\u00f3 espai 39: mostra de projectes fotogr\u00e0fics"},"content":{"rendered":"<p>Us presentem els projectes fotogr\u00e0fics que el nostre alumnat de 1r de batxillerat ha realitzat a l&#8217;optativa de Comunicaci\u00f3 audiovisual en el segon trimestre del curs 2023-24.<\/p>\n<p>Tots les obres mostren una mirada atenta i una bona planificaci\u00f3. Felicitats per la feina feta.<\/p>\n<p>Hem organitzat una exposici\u00f3 dels treballs que es podr\u00e0 veure a l&#8217;espai 39 del nostre institut a partir d&#8217;avui dimarts 9 d&#8217;abril 2024.<\/p>\n<div style=\"padding: 56.25% 0 0 0; position: relative;\"><iframe loading=\"lazy\" style=\"position: absolute; top: 0; left: 0; width: 100%; height: 100%;\" title=\"Projectes fotogra\u0300fics_comunicacio\u0301 audiovisual_2324\" src=\"\/\/player.vimeo.com\/video\/923539849?title=0&amp;amp;byline=0\" width=\"425\" height=\"350\" frameborder=\"0\" data-mce-fragment=\"1\"><\/iframe><\/div>\n<p><script src=\"https:\/\/player.vimeo.com\/api\/player.js\"><\/script><\/p>\n","protected":false},"excerpt":{"rendered":"<p>Us presentem els projectes fotogr\u00e0fics que el nostre alumnat de 1r de batxillerat ha realitzat a l&#8217;optativa de Comunicaci\u00f3 audiovisual en el segon trimestre del curs 2023-24.<br \/>\nTots les obres mostren una mirada atenta i una bona planificaci\u00f3. Felicitats per la feina feta.<br \/>\nHem organitzat una exposici\u00f3&hellip;  <a href=\"https:\/\/agora.xtec.cat\/iesnumancia\/portada\/exposicio-espai-39-mostra-de-projectes-fotografics\/\" title=\"Read Exposici\u00f3 espai 39: mostra de projectes fotogr\u00e0fics\">Llegeix m\u00e9s\u00bb<\/a><\/p>\n","protected":false},"author":1,"featured_media":6209,"comment_status":"closed","ping_status":"closed","sticky":false,"template":"","format":"standard","meta":{"_bbp_topic_count":0,"_bbp_reply_count":0,"_bbp_total_topic_count":0,"_bbp_total_reply_count":0,"_bbp_voice_count":0,"_bbp_anonymous_reply_count":0,"_bbp_topic_count_hidden":0,"_bbp_reply_count_hidden":0,"_bbp_forum_subforum_count":0,"footnotes":""},"categories":[410,598,29],"tags":[209,484,535],"class_list":["post-6117","post","type-post","status-publish","format-standard","has-post-thumbnail","hentry","category-exposicions-espai-39-i-40","category-la-mirada-creativa-espai-joan-guerrero","category-portada","tag-1r-batx","tag-484","tag-projectes-fotografics"],"post_mailing_queue_ids":[],"_links":{"self":[{"href":"https:\/\/agora.xtec.cat\/iesnumancia\/wp-json\/wp\/v2\/posts\/6117","targetHints":{"allow":["GET"]}}],"collection":[{"href":"https:\/\/agora.xtec.cat\/iesnumancia\/wp-json\/wp\/v2\/posts"}],"about":[{"href":"https:\/\/agora.xtec.cat\/iesnumancia\/wp-json\/wp\/v2\/types\/post"}],"author":[{"embeddable":true,"href":"https:\/\/agora.xtec.cat\/iesnumancia\/wp-json\/wp\/v2\/users\/1"}],"replies":[{"embeddable":true,"href":"https:\/\/agora.xtec.cat\/iesnumancia\/wp-json\/wp\/v2\/comments?post=6117"}],"version-history":[{"count":4,"href":"https:\/\/agora.xtec.cat\/iesnumancia\/wp-json\/wp\/v2\/posts\/6117\/revisions"}],"predecessor-version":[{"id":6250,"href":"https:\/\/agora.xtec.cat\/iesnumancia\/wp-json\/wp\/v2\/posts\/6117\/revisions\/6250"}],"wp:featuredmedia":[{"embeddable":true,"href":"https:\/\/agora.xtec.cat\/iesnumancia\/wp-json\/wp\/v2\/media\/6209"}],"wp:attachment":[{"href":"https:\/\/agora.xtec.cat\/iesnumancia\/wp-json\/wp\/v2\/media?parent=6117"}],"wp:term":[{"taxonomy":"category","embeddable":true,"href":"https:\/\/agora.xtec.cat\/iesnumancia\/wp-json\/wp\/v2\/categories?post=6117"},{"taxonomy":"post_tag","embeddable":true,"href":"https:\/\/agora.xtec.cat\/iesnumancia\/wp-json\/wp\/v2\/tags?post=6117"}],"curies":[{"name":"wp","href":"https:\/\/api.w.org\/{rel}","templated":true}]}}