{"id":4701,"date":"2023-04-19T11:10:58","date_gmt":"2023-04-19T09:10:58","guid":{"rendered":"https:\/\/agora.xtec.cat\/iesnumancia\/?p=4701"},"modified":"2023-04-20T18:01:12","modified_gmt":"2023-04-20T16:01:12","slug":"escenes-iconiques-dobres-literaries-per-sant-jordi","status":"publish","type":"post","link":"https:\/\/agora.xtec.cat\/iesnumancia\/portada\/escenes-iconiques-dobres-literaries-per-sant-jordi\/","title":{"rendered":"Escenes ic\u00f2niques d&#8217;obres liter\u00e0ries per Sant Jordi"},"content":{"rendered":"<p style=\"text-align: justify;\">En aquesta setmana cultural, alumnes de diferents grups i lleng\u00fces han preparat unes &#8220;p\u00edndoles teatrals&#8221; d&#8217;escenes ic\u00f2niques d&#8217;obres liter\u00e0ries en els diferents idiomes que s&#8217;estudien a l&#8217;institut: catal\u00e0, castell\u00e0 i angl\u00e8s. Les representacions es fan a les classes i els espectadors podran votar les que consideren millors. L&#8217;escena guanyadora es representar\u00e0 divendres a l&#8217;acte de lliurament de premis dels Jocs Florals on ben segur, no faltar\u00e0 la m\u00fasica!<\/p>\n<p style=\"text-align: justify;\">Us deixem una mostra d&#8217;un grup d&#8217;alumnes de 2n batxillerat: la candela, l&#8217;Elena, l&#8217;Aitana, la Marta i la Itziar ens presenten un fragment de <strong>Midsummer Night&#8217;s Dream<\/strong>, la famosa obra de William Shakespeare, \u00f2bviament, &#8220;in english&#8221;!!<\/p>\n<p><a href=\"https:\/\/vimeo.com\/818891890?share=copy\"><img loading=\"lazy\" decoding=\"async\" class=\"aligncenter wp-image-4702\" src=\"https:\/\/agora.xtec.cat\/iesnumancia\/wp-content\/uploads\/usu2267\/2023\/04\/Escenes-ico\u0300niques-de-la-literatura_sant-jordi-2023-1024x575.jpg\" alt=\"\" width=\"700\" height=\"393\" srcset=\"https:\/\/agora.xtec.cat\/iesnumancia\/wp-content\/uploads\/usu2267\/2023\/04\/Escenes-ico\u0300niques-de-la-literatura_sant-jordi-2023-1024x575.jpg 1024w, https:\/\/agora.xtec.cat\/iesnumancia\/wp-content\/uploads\/usu2267\/2023\/04\/Escenes-ico\u0300niques-de-la-literatura_sant-jordi-2023-300x168.jpg 300w, https:\/\/agora.xtec.cat\/iesnumancia\/wp-content\/uploads\/usu2267\/2023\/04\/Escenes-ico\u0300niques-de-la-literatura_sant-jordi-2023-768x431.jpg 768w, https:\/\/agora.xtec.cat\/iesnumancia\/wp-content\/uploads\/usu2267\/2023\/04\/Escenes-ico\u0300niques-de-la-literatura_sant-jordi-2023-1536x862.jpg 1536w, https:\/\/agora.xtec.cat\/iesnumancia\/wp-content\/uploads\/usu2267\/2023\/04\/Escenes-ico\u0300niques-de-la-literatura_sant-jordi-2023-2048x1150.jpg 2048w\" sizes=\"auto, (max-width: 700px) 100vw, 700px\" \/><\/a><\/p>\n","protected":false},"excerpt":{"rendered":"<p>En aquesta setmana cultural, alumnes de diferents grups i lleng\u00fces han preparat unes &#8220;p\u00edndoles teatrals&#8221; d&#8217;escenes ic\u00f2niques d&#8217;obres liter\u00e0ries en els diferents idiomes que s&#8217;estudien a l&#8217;institut: catal\u00e0, castell\u00e0 i angl\u00e8s. Les representacions es fan a les classes i els espectadors podran votar les que&hellip;  <a href=\"https:\/\/agora.xtec.cat\/iesnumancia\/portada\/escenes-iconiques-dobres-literaries-per-sant-jordi\/\" title=\"Read Escenes ic\u00f2niques d&#8217;obres liter\u00e0ries per Sant Jordi\">Llegeix m\u00e9s\u00bb<\/a><\/p>\n","protected":false},"author":1,"featured_media":4702,"comment_status":"closed","ping_status":"closed","sticky":false,"template":"","format":"standard","meta":{"_bbp_topic_count":0,"_bbp_reply_count":0,"_bbp_total_topic_count":0,"_bbp_total_reply_count":0,"_bbp_voice_count":0,"_bbp_anonymous_reply_count":0,"_bbp_topic_count_hidden":0,"_bbp_reply_count_hidden":0,"_bbp_forum_subforum_count":0,"footnotes":""},"categories":[104,119,29,391],"tags":[268,388],"class_list":["post-4701","post","type-post","status-publish","format-standard","has-post-thumbnail","hentry","category-festes-i-celebracions","category-noticies-activitats-de-centre","category-portada","category-sant-jordi-2023","tag-ambit-de-llengues","tag-sant-jordi-2023"],"post_mailing_queue_ids":[],"_links":{"self":[{"href":"https:\/\/agora.xtec.cat\/iesnumancia\/wp-json\/wp\/v2\/posts\/4701","targetHints":{"allow":["GET"]}}],"collection":[{"href":"https:\/\/agora.xtec.cat\/iesnumancia\/wp-json\/wp\/v2\/posts"}],"about":[{"href":"https:\/\/agora.xtec.cat\/iesnumancia\/wp-json\/wp\/v2\/types\/post"}],"author":[{"embeddable":true,"href":"https:\/\/agora.xtec.cat\/iesnumancia\/wp-json\/wp\/v2\/users\/1"}],"replies":[{"embeddable":true,"href":"https:\/\/agora.xtec.cat\/iesnumancia\/wp-json\/wp\/v2\/comments?post=4701"}],"version-history":[{"count":1,"href":"https:\/\/agora.xtec.cat\/iesnumancia\/wp-json\/wp\/v2\/posts\/4701\/revisions"}],"predecessor-version":[{"id":4703,"href":"https:\/\/agora.xtec.cat\/iesnumancia\/wp-json\/wp\/v2\/posts\/4701\/revisions\/4703"}],"wp:featuredmedia":[{"embeddable":true,"href":"https:\/\/agora.xtec.cat\/iesnumancia\/wp-json\/wp\/v2\/media\/4702"}],"wp:attachment":[{"href":"https:\/\/agora.xtec.cat\/iesnumancia\/wp-json\/wp\/v2\/media?parent=4701"}],"wp:term":[{"taxonomy":"category","embeddable":true,"href":"https:\/\/agora.xtec.cat\/iesnumancia\/wp-json\/wp\/v2\/categories?post=4701"},{"taxonomy":"post_tag","embeddable":true,"href":"https:\/\/agora.xtec.cat\/iesnumancia\/wp-json\/wp\/v2\/tags?post=4701"}],"curies":[{"name":"wp","href":"https:\/\/api.w.org\/{rel}","templated":true}]}}