{"id":4677,"date":"2023-04-17T20:22:02","date_gmt":"2023-04-17T18:22:02","guid":{"rendered":"https:\/\/agora.xtec.cat\/iesnumancia\/?p=4677"},"modified":"2023-04-18T21:59:59","modified_gmt":"2023-04-18T19:59:59","slug":"prego-de-sant-jordi-2023-a-carrec-daleix-ortuno","status":"publish","type":"post","link":"https:\/\/agora.xtec.cat\/iesnumancia\/general\/prego-de-sant-jordi-2023-a-carrec-daleix-ortuno\/","title":{"rendered":"Preg\u00f3 de Sant Jordi 2023 a c\u00e0rrec d&#8217;Aleix Ortu\u00f1o"},"content":{"rendered":"<p style=\"text-align: justify;\">Avui dilluns 17 d&#8217;abril iniciem al Num\u00e0ncia la setmana cultural de Sant Jordi amb un munt d&#8217;activitats per a tots els nivells educatius on la protagonista \u00e9s la literatura.<br \/>\nEl professor de catal\u00e0 Aleix Ortu\u00f1o engega aquesta setmana liter\u00e0ria amb un preg\u00f3 que no us podeu perdre. Aleix, gr\u00e0cies per aquest inici tan engrescador!!!<a href=\"https:\/\/vimeo.com\/818459080\"><img loading=\"lazy\" decoding=\"async\" class=\"aligncenter wp-image-4678\" src=\"https:\/\/agora.xtec.cat\/iesnumancia\/wp-content\/uploads\/usu2267\/2023\/04\/Prego\u0301-Sant-jordi-2023-1024x577.jpg\" alt=\"\" width=\"800\" height=\"451\" srcset=\"https:\/\/agora.xtec.cat\/iesnumancia\/wp-content\/uploads\/usu2267\/2023\/04\/Prego\u0301-Sant-jordi-2023-1024x577.jpg 1024w, https:\/\/agora.xtec.cat\/iesnumancia\/wp-content\/uploads\/usu2267\/2023\/04\/Prego\u0301-Sant-jordi-2023-300x169.jpg 300w, https:\/\/agora.xtec.cat\/iesnumancia\/wp-content\/uploads\/usu2267\/2023\/04\/Prego\u0301-Sant-jordi-2023-768x433.jpg 768w, https:\/\/agora.xtec.cat\/iesnumancia\/wp-content\/uploads\/usu2267\/2023\/04\/Prego\u0301-Sant-jordi-2023-1536x865.jpg 1536w, https:\/\/agora.xtec.cat\/iesnumancia\/wp-content\/uploads\/usu2267\/2023\/04\/Prego\u0301-Sant-jordi-2023-2048x1153.jpg 2048w\" sizes=\"auto, (max-width: 800px) 100vw, 800px\" \/><\/a><\/p>\n","protected":false},"excerpt":{"rendered":"<p>Avui dilluns 17 d&#8217;abril iniciem al Num\u00e0ncia la setmana cultural de Sant Jordi amb un munt d&#8217;activitats per a tots els nivells educatius on la protagonista \u00e9s la literatura. El professor de catal\u00e0 Aleix Ortu\u00f1o engega aquesta setmana liter\u00e0ria amb un preg\u00f3 que no us podeu perdre. Aleix, gr\u00e0cies per aquest inici tan engrescador!!!<\/p>\n","protected":false},"author":1,"featured_media":4678,"comment_status":"closed","ping_status":"closed","sticky":false,"template":"","format":"standard","meta":{"_bbp_topic_count":0,"_bbp_reply_count":0,"_bbp_total_topic_count":0,"_bbp_total_reply_count":0,"_bbp_voice_count":0,"_bbp_anonymous_reply_count":0,"_bbp_topic_count_hidden":0,"_bbp_reply_count_hidden":0,"_bbp_forum_subforum_count":0,"site-sidebar-layout":"default","site-content-layout":"","ast-site-content-layout":"","site-content-style":"default","site-sidebar-style":"default","ast-global-header-display":"","ast-banner-title-visibility":"","ast-main-header-display":"","ast-hfb-above-header-display":"","ast-hfb-below-header-display":"","ast-hfb-mobile-header-display":"","site-post-title":"","ast-breadcrumbs-content":"","ast-featured-img":"","footer-sml-layout":"","theme-transparent-header-meta":"","adv-header-id-meta":"","stick-header-meta":"","header-above-stick-meta":"","header-main-stick-meta":"","header-below-stick-meta":"","astra-migrate-meta-layouts":"default","ast-page-background-enabled":"default","ast-page-background-meta":{"desktop":{"background-color":"var(--ast-global-color-4)","background-image":"","background-repeat":"repeat","background-position":"center center","background-size":"auto","background-attachment":"scroll","background-type":"","background-media":"","overlay-type":"","overlay-color":"","overlay-opacity":"","overlay-gradient":""},"tablet":{"background-color":"","background-image":"","background-repeat":"repeat","background-position":"center center","background-size":"auto","background-attachment":"scroll","background-type":"","background-media":"","overlay-type":"","overlay-color":"","overlay-opacity":"","overlay-gradient":""},"mobile":{"background-color":"","background-image":"","background-repeat":"repeat","background-position":"center center","background-size":"auto","background-attachment":"scroll","background-type":"","background-media":"","overlay-type":"","overlay-color":"","overlay-opacity":"","overlay-gradient":""}},"ast-content-background-meta":{"desktop":{"background-color":"var(--ast-global-color-5)","background-image":"","background-repeat":"repeat","background-position":"center center","background-size":"auto","background-attachment":"scroll","background-type":"","background-media":"","overlay-type":"","overlay-color":"","overlay-opacity":"","overlay-gradient":""},"tablet":{"background-color":"var(--ast-global-color-5)","background-image":"","background-repeat":"repeat","background-position":"center center","background-size":"auto","background-attachment":"scroll","background-type":"","background-media":"","overlay-type":"","overlay-color":"","overlay-opacity":"","overlay-gradient":""},"mobile":{"background-color":"var(--ast-global-color-5)","background-image":"","background-repeat":"repeat","background-position":"center center","background-size":"auto","background-attachment":"scroll","background-type":"","background-media":"","overlay-type":"","overlay-color":"","overlay-opacity":"","overlay-gradient":""}},"footnotes":""},"categories":[1,119,29],"tags":[361,385],"class_list":["post-4677","post","type-post","status-publish","format-standard","has-post-thumbnail","hentry","category-general","category-noticies-activitats-de-centre","category-portada","tag-361","tag-prego-sant-jordi"],"post_mailing_queue_ids":[],"_links":{"self":[{"href":"https:\/\/agora.xtec.cat\/iesnumancia\/wp-json\/wp\/v2\/posts\/4677","targetHints":{"allow":["GET"]}}],"collection":[{"href":"https:\/\/agora.xtec.cat\/iesnumancia\/wp-json\/wp\/v2\/posts"}],"about":[{"href":"https:\/\/agora.xtec.cat\/iesnumancia\/wp-json\/wp\/v2\/types\/post"}],"author":[{"embeddable":true,"href":"https:\/\/agora.xtec.cat\/iesnumancia\/wp-json\/wp\/v2\/users\/1"}],"replies":[{"embeddable":true,"href":"https:\/\/agora.xtec.cat\/iesnumancia\/wp-json\/wp\/v2\/comments?post=4677"}],"version-history":[{"count":2,"href":"https:\/\/agora.xtec.cat\/iesnumancia\/wp-json\/wp\/v2\/posts\/4677\/revisions"}],"predecessor-version":[{"id":4680,"href":"https:\/\/agora.xtec.cat\/iesnumancia\/wp-json\/wp\/v2\/posts\/4677\/revisions\/4680"}],"wp:featuredmedia":[{"embeddable":true,"href":"https:\/\/agora.xtec.cat\/iesnumancia\/wp-json\/wp\/v2\/media\/4678"}],"wp:attachment":[{"href":"https:\/\/agora.xtec.cat\/iesnumancia\/wp-json\/wp\/v2\/media?parent=4677"}],"wp:term":[{"taxonomy":"category","embeddable":true,"href":"https:\/\/agora.xtec.cat\/iesnumancia\/wp-json\/wp\/v2\/categories?post=4677"},{"taxonomy":"post_tag","embeddable":true,"href":"https:\/\/agora.xtec.cat\/iesnumancia\/wp-json\/wp\/v2\/tags?post=4677"}],"curies":[{"name":"wp","href":"https:\/\/api.w.org\/{rel}","templated":true}]}}