{"id":1897,"date":"2021-03-07T20:52:17","date_gmt":"2021-03-07T19:52:17","guid":{"rendered":"https:\/\/agora.xtec.cat\/iesnumancia\/?p=1897"},"modified":"2021-03-07T21:17:38","modified_gmt":"2021-03-07T20:17:38","slug":"dones-cientifiques-amb-motiu-del-8-de-marc","status":"publish","type":"post","link":"https:\/\/agora.xtec.cat\/iesnumancia\/noticies-batxillerat\/dones-cientifiques-amb-motiu-del-8-de-marc\/","title":{"rendered":"Dones cient\u00edfiques: amb motiu del 8 de mar\u00e7."},"content":{"rendered":"<div class=\"gmail_quote\">\n<p style=\"text-align: justify;\">El passat dia 3 i 4 de mar\u00e7, els alumnes de 1r de BAT van rebre, de forma virtual,\u00a0 la xerrada &#8220;<strong>EL PAPER DE LA DONA\u00a0 EN LA CI\u00c8NCIA&#8221;\u00a0 a c\u00e0rrec de la Miriam Merenciano<\/strong> (ex alumna del Num\u00e0ncia) i que actualment treballa com a investigadora a l&#8217; <strong>Institut de Biologia Evolutiva (CSIC.UPF)<\/strong>.La Miriam ens va explicar la seva feina com a investigadora, va fomentar\u00a0 l&#8217;esperit cient\u00edfic de les alumnes i ens va explicar la tasca de moltes dones cient\u00edfiques desconegudes per la majoria de la poblaci\u00f3. A m\u00e9s, de les causes que provoquen que hi hagi menys dones dedicades a la recerca que homes, tot i que en els darrers temps la tend\u00e8ncia est\u00e0 canviant.Aquesta xerrada coincideix amb la celebraci\u00f3 del <strong>Dia de la Dona el dia 8 de mar\u00e7.<\/strong><\/p>\n<p style=\"text-align: justify;\">Moltes gr\u00e0cies Miriam per la teva implicaci\u00f3 en la divulgaci\u00f3 cient\u00edfica!<img loading=\"lazy\" decoding=\"async\" class=\"aligncenter wp-image-1898 size-large\" src=\"https:\/\/agora.xtec.cat\/iesnumancia\/wp-content\/uploads\/usu2267\/2021\/03\/1614944187939-1024x768.jpg\" alt=\"\" width=\"1024\" height=\"768\" srcset=\"https:\/\/agora.xtec.cat\/iesnumancia\/wp-content\/uploads\/usu2267\/2021\/03\/1614944187939-1024x768.jpg 1024w, https:\/\/agora.xtec.cat\/iesnumancia\/wp-content\/uploads\/usu2267\/2021\/03\/1614944187939-300x225.jpg 300w, https:\/\/agora.xtec.cat\/iesnumancia\/wp-content\/uploads\/usu2267\/2021\/03\/1614944187939-768x576.jpg 768w, https:\/\/agora.xtec.cat\/iesnumancia\/wp-content\/uploads\/usu2267\/2021\/03\/1614944187939-200x150.jpg 200w\" sizes=\"auto, (max-width: 1024px) 100vw, 1024px\" \/><\/p>\n<\/div>\n","protected":false},"excerpt":{"rendered":"<p>El passat dia 3 i 4 de mar\u00e7, els alumnes de 1r de BAT van rebre, de forma virtual,\u00a0 la xerrada &#8220;EL PAPER DE LA DONA\u00a0 EN LA CI\u00c8NCIA&#8221;\u00a0 a c\u00e0rrec de la Miriam Merenciano (ex alumna del Num\u00e0ncia) i que actualment treballa com a&hellip;  <a href=\"https:\/\/agora.xtec.cat\/iesnumancia\/noticies-batxillerat\/dones-cientifiques-amb-motiu-del-8-de-marc\/\" title=\"Read Dones cient\u00edfiques: amb motiu del 8 de mar\u00e7.\">Llegeix m\u00e9s\u00bb<\/a><\/p>\n","protected":false},"author":1,"featured_media":1822,"comment_status":"closed","ping_status":"closed","sticky":false,"template":"","format":"standard","meta":{"_bbp_topic_count":0,"_bbp_reply_count":0,"_bbp_total_topic_count":0,"_bbp_total_reply_count":0,"_bbp_voice_count":0,"_bbp_anonymous_reply_count":0,"_bbp_topic_count_hidden":0,"_bbp_reply_count_hidden":0,"_bbp_forum_subforum_count":0,"footnotes":""},"categories":[8,29],"tags":[],"class_list":["post-1897","post","type-post","status-publish","format-standard","has-post-thumbnail","hentry","category-noticies-batxillerat","category-portada"],"post_mailing_queue_ids":[],"_links":{"self":[{"href":"https:\/\/agora.xtec.cat\/iesnumancia\/wp-json\/wp\/v2\/posts\/1897","targetHints":{"allow":["GET"]}}],"collection":[{"href":"https:\/\/agora.xtec.cat\/iesnumancia\/wp-json\/wp\/v2\/posts"}],"about":[{"href":"https:\/\/agora.xtec.cat\/iesnumancia\/wp-json\/wp\/v2\/types\/post"}],"author":[{"embeddable":true,"href":"https:\/\/agora.xtec.cat\/iesnumancia\/wp-json\/wp\/v2\/users\/1"}],"replies":[{"embeddable":true,"href":"https:\/\/agora.xtec.cat\/iesnumancia\/wp-json\/wp\/v2\/comments?post=1897"}],"version-history":[{"count":3,"href":"https:\/\/agora.xtec.cat\/iesnumancia\/wp-json\/wp\/v2\/posts\/1897\/revisions"}],"predecessor-version":[{"id":1908,"href":"https:\/\/agora.xtec.cat\/iesnumancia\/wp-json\/wp\/v2\/posts\/1897\/revisions\/1908"}],"wp:featuredmedia":[{"embeddable":true,"href":"https:\/\/agora.xtec.cat\/iesnumancia\/wp-json\/wp\/v2\/media\/1822"}],"wp:attachment":[{"href":"https:\/\/agora.xtec.cat\/iesnumancia\/wp-json\/wp\/v2\/media?parent=1897"}],"wp:term":[{"taxonomy":"category","embeddable":true,"href":"https:\/\/agora.xtec.cat\/iesnumancia\/wp-json\/wp\/v2\/categories?post=1897"},{"taxonomy":"post_tag","embeddable":true,"href":"https:\/\/agora.xtec.cat\/iesnumancia\/wp-json\/wp\/v2\/tags?post=1897"}],"curies":[{"name":"wp","href":"https:\/\/api.w.org\/{rel}","templated":true}]}}