{"id":1453,"date":"2021-02-12T00:23:39","date_gmt":"2021-02-11T23:23:39","guid":{"rendered":"https:\/\/agora.xtec.cat\/iesnumancia\/?p=1453"},"modified":"2021-02-22T10:07:13","modified_gmt":"2021-02-22T09:07:13","slug":"ruta-del-gotic-a-bcn","status":"publish","type":"post","link":"https:\/\/agora.xtec.cat\/iesnumancia\/noticies-batxillerat\/ruta-del-gotic-a-bcn\/","title":{"rendered":"Ruta del G\u00f2tic a BCN"},"content":{"rendered":"<p style=\"text-align: justify;\">Els alumnes d\u00b4Hist\u00f2ria de l\u00b4Art han realitzat aquest 10 de febrer la Ruta del G\u00f2tic a Barcelona visitant Santa Maria del Mar, la Catedral , la Pla\u00e7a del Rei , el Sal\u00f3 del Tinell, la Capella de Sta. \u00c0gata i\u00a0 el MNAC ( Sales del G\u00f2tic ).Un\u00a0dels objectius ha estat\u00a0 consolidar els coneixements apresos a classe sobre l\u00b4art\u00a0g\u00f2tic i l\u00b4altre\u00a0elaborar un vocabulari visual dels elements que caracteritzen l\u00b4arquitectura del g\u00f2tic.<\/p>\n<p style=\"text-align: justify;\">Visitar la catedral sense turistes \u00e9s un dels avantatges de la situaci\u00f3 &#8220;COVID&#8221; que estem vivint&#8230;est\u00e0vem sols!\u00a0 B\u00e9 , completament sols no&#8230; tamb\u00e9 hi eren\u00a0 les tretze oques del claustre !<\/p>\n<p><a href=\"https:\/\/agora.xtec.cat\/iesnumancia\/wp-content\/uploads\/usu2267\/2021\/02\/cervantes-3.png\"><img loading=\"lazy\" decoding=\"async\" class=\"aligncenter size-full wp-image-1543\" src=\"https:\/\/agora.xtec.cat\/iesnumancia\/wp-content\/uploads\/usu2267\/2021\/02\/cervantes-3.png\" alt=\"\" width=\"720\" height=\"960\" srcset=\"https:\/\/agora.xtec.cat\/iesnumancia\/wp-content\/uploads\/usu2267\/2021\/02\/cervantes-3.png 720w, https:\/\/agora.xtec.cat\/iesnumancia\/wp-content\/uploads\/usu2267\/2021\/02\/cervantes-3-225x300.png 225w\" sizes=\"auto, (max-width: 720px) 100vw, 720px\" \/><\/a><\/p>\n<div style=\"text-align: justify;\"><\/div>\n<p><!--more--><\/p>\n<table>\n<tbody>\n<tr>\n<td><a href=\"https:\/\/agora.xtec.cat\/iesnumancia\/wp-content\/uploads\/usu2267\/2021\/02\/cervantes-4.png\"><img loading=\"lazy\" decoding=\"async\" class=\"aligncenter wp-image-1544 size-full\" src=\"https:\/\/agora.xtec.cat\/iesnumancia\/wp-content\/uploads\/usu2267\/2021\/02\/cervantes-4.png\" alt=\"Alumnat de \" width=\"950\" height=\"713\" srcset=\"https:\/\/agora.xtec.cat\/iesnumancia\/wp-content\/uploads\/usu2267\/2021\/02\/cervantes-4.png 950w, https:\/\/agora.xtec.cat\/iesnumancia\/wp-content\/uploads\/usu2267\/2021\/02\/cervantes-4-300x225.png 300w, https:\/\/agora.xtec.cat\/iesnumancia\/wp-content\/uploads\/usu2267\/2021\/02\/cervantes-4-768x576.png 768w, https:\/\/agora.xtec.cat\/iesnumancia\/wp-content\/uploads\/usu2267\/2021\/02\/cervantes-4-200x150.png 200w\" sizes=\"auto, (max-width: 950px) 100vw, 950px\" \/><\/a><\/td>\n<td><a href=\"https:\/\/agora.xtec.cat\/iesnumancia\/wp-content\/uploads\/usu2267\/2021\/02\/cervantes-1.png\"><img loading=\"lazy\" decoding=\"async\" class=\"aligncenter size-full wp-image-1546\" src=\"https:\/\/agora.xtec.cat\/iesnumancia\/wp-content\/uploads\/usu2267\/2021\/02\/cervantes-1.png\" alt=\"\" width=\"950\" height=\"713\" srcset=\"https:\/\/agora.xtec.cat\/iesnumancia\/wp-content\/uploads\/usu2267\/2021\/02\/cervantes-1.png 950w, https:\/\/agora.xtec.cat\/iesnumancia\/wp-content\/uploads\/usu2267\/2021\/02\/cervantes-1-300x225.png 300w, https:\/\/agora.xtec.cat\/iesnumancia\/wp-content\/uploads\/usu2267\/2021\/02\/cervantes-1-768x576.png 768w, https:\/\/agora.xtec.cat\/iesnumancia\/wp-content\/uploads\/usu2267\/2021\/02\/cervantes-1-200x150.png 200w\" sizes=\"auto, (max-width: 950px) 100vw, 950px\" \/><\/a><\/td>\n<td><a href=\"https:\/\/agora.xtec.cat\/iesnumancia\/wp-content\/uploads\/usu2267\/2021\/02\/cervantes-2.png\"><img loading=\"lazy\" decoding=\"async\" class=\"aligncenter size-full wp-image-1545\" src=\"https:\/\/agora.xtec.cat\/iesnumancia\/wp-content\/uploads\/usu2267\/2021\/02\/cervantes-2.png\" alt=\"\" width=\"950\" height=\"713\" srcset=\"https:\/\/agora.xtec.cat\/iesnumancia\/wp-content\/uploads\/usu2267\/2021\/02\/cervantes-2.png 950w, https:\/\/agora.xtec.cat\/iesnumancia\/wp-content\/uploads\/usu2267\/2021\/02\/cervantes-2-300x225.png 300w, https:\/\/agora.xtec.cat\/iesnumancia\/wp-content\/uploads\/usu2267\/2021\/02\/cervantes-2-768x576.png 768w, https:\/\/agora.xtec.cat\/iesnumancia\/wp-content\/uploads\/usu2267\/2021\/02\/cervantes-2-200x150.png 200w\" sizes=\"auto, (max-width: 950px) 100vw, 950px\" \/><\/a><\/td>\n<\/tr>\n<\/tbody>\n<\/table>\n","protected":false},"excerpt":{"rendered":"<p>Els alumnes d\u00b4Hist\u00f2ria de l\u00b4Art han realitzat aquest 10 de febrer la Ruta del G\u00f2tic a Barcelona visitant Santa Maria del Mar, la Catedral , la Pla\u00e7a del Rei , el Sal\u00f3 del Tinell, la Capella de Sta. \u00c0gata i\u00a0 el MNAC ( Sales del&hellip;  <a href=\"https:\/\/agora.xtec.cat\/iesnumancia\/noticies-batxillerat\/ruta-del-gotic-a-bcn\/\" title=\"Read Ruta del G\u00f2tic a BCN\">Llegeix m\u00e9s\u00bb<\/a><\/p>\n","protected":false},"author":1,"featured_media":0,"comment_status":"closed","ping_status":"closed","sticky":false,"template":"","format":"standard","meta":{"_bbp_topic_count":0,"_bbp_reply_count":0,"_bbp_total_topic_count":0,"_bbp_total_reply_count":0,"_bbp_voice_count":0,"_bbp_anonymous_reply_count":0,"_bbp_topic_count_hidden":0,"_bbp_reply_count_hidden":0,"_bbp_forum_subforum_count":0,"footnotes":""},"categories":[8,29,121],"tags":[126,125,124],"class_list":["post-1453","post","type-post","status-publish","format-standard","hentry","category-noticies-batxillerat","category-portada","category-sortides","tag-126","tag-art","tag-gotic"],"post_mailing_queue_ids":[],"_links":{"self":[{"href":"https:\/\/agora.xtec.cat\/iesnumancia\/wp-json\/wp\/v2\/posts\/1453","targetHints":{"allow":["GET"]}}],"collection":[{"href":"https:\/\/agora.xtec.cat\/iesnumancia\/wp-json\/wp\/v2\/posts"}],"about":[{"href":"https:\/\/agora.xtec.cat\/iesnumancia\/wp-json\/wp\/v2\/types\/post"}],"author":[{"embeddable":true,"href":"https:\/\/agora.xtec.cat\/iesnumancia\/wp-json\/wp\/v2\/users\/1"}],"replies":[{"embeddable":true,"href":"https:\/\/agora.xtec.cat\/iesnumancia\/wp-json\/wp\/v2\/comments?post=1453"}],"version-history":[{"count":3,"href":"https:\/\/agora.xtec.cat\/iesnumancia\/wp-json\/wp\/v2\/posts\/1453\/revisions"}],"predecessor-version":[{"id":1549,"href":"https:\/\/agora.xtec.cat\/iesnumancia\/wp-json\/wp\/v2\/posts\/1453\/revisions\/1549"}],"wp:attachment":[{"href":"https:\/\/agora.xtec.cat\/iesnumancia\/wp-json\/wp\/v2\/media?parent=1453"}],"wp:term":[{"taxonomy":"category","embeddable":true,"href":"https:\/\/agora.xtec.cat\/iesnumancia\/wp-json\/wp\/v2\/categories?post=1453"},{"taxonomy":"post_tag","embeddable":true,"href":"https:\/\/agora.xtec.cat\/iesnumancia\/wp-json\/wp\/v2\/tags?post=1453"}],"curies":[{"name":"wp","href":"https:\/\/api.w.org\/{rel}","templated":true}]}}