{"id":10187,"date":"2026-04-29T18:04:51","date_gmt":"2026-04-29T16:04:51","guid":{"rendered":"https:\/\/agora.xtec.cat\/iesnumancia\/?p=10187"},"modified":"2026-04-29T18:04:51","modified_gmt":"2026-04-29T16:04:51","slug":"els-exalumnes-tornen-al-numancia-i-comparteixen-la-seva-experiencia","status":"publish","type":"post","link":"https:\/\/agora.xtec.cat\/iesnumancia\/noticies-batxillerat\/els-exalumnes-tornen-al-numancia-i-comparteixen-la-seva-experiencia\/","title":{"rendered":"Els exalumnes tornen al Num\u00e0ncia i comparteixen la seva experi\u00e8ncia"},"content":{"rendered":"<p data-start=\"0\" data-end=\"71\"><img loading=\"lazy\" decoding=\"async\" class=\"aligncenter wp-image-10188\" src=\"https:\/\/agora.xtec.cat\/iesnumancia\/wp-content\/uploads\/usu2267\/2026\/04\/IMG-20260423-WA0072-300x169.jpg\" alt=\"\" width=\"600\" height=\"338\" srcset=\"https:\/\/agora.xtec.cat\/iesnumancia\/wp-content\/uploads\/usu2267\/2026\/04\/IMG-20260423-WA0072-300x169.jpg 300w, https:\/\/agora.xtec.cat\/iesnumancia\/wp-content\/uploads\/usu2267\/2026\/04\/IMG-20260423-WA0072-1024x576.jpg 1024w, https:\/\/agora.xtec.cat\/iesnumancia\/wp-content\/uploads\/usu2267\/2026\/04\/IMG-20260423-WA0072-768x432.jpg 768w, https:\/\/agora.xtec.cat\/iesnumancia\/wp-content\/uploads\/usu2267\/2026\/04\/IMG-20260423-WA0072-1536x864.jpg 1536w, https:\/\/agora.xtec.cat\/iesnumancia\/wp-content\/uploads\/usu2267\/2026\/04\/IMG-20260423-WA0072.jpg 2040w\" sizes=\"auto, (max-width: 600px) 100vw, 600px\" \/><\/p>\n<p data-start=\"73\" data-end=\"225\">Com ja \u00e9s costum al Num\u00e0ncia, hem tingut el plaer de rebre la visita d\u2019exalumnes que han tornat al centre per parlar amb l\u2019alumnat de 2n de batxillerat.<\/p>\n<p data-start=\"227\" data-end=\"534\">En una xerrada molt propera i amena, van explicar com van viure les PAU, donant consells pr\u00e0ctics i tranquil\u00b7litzadors per afrontar aquests ex\u00e0mens. Tamb\u00e9 van compartir qu\u00e8 estan estudiant actualment, tant si han optat per cicles formatius com per graus universitaris, i com estan vivint aquesta nova etapa.<\/p>\n<p data-start=\"536\" data-end=\"708\">La seva experi\u00e8ncia, explicada en primera persona, va ser molt \u00fatil i enriquidora per als alumnes, que van poder fer preguntes i aclarir dubtes sobre el seu futur immediat.<\/p>\n<p data-start=\"710\" data-end=\"843\" data-is-last-node=\"\" data-is-only-node=\"\">Ens encanta poder tornar-los a tenir al Num\u00e0ncia i veure tot el cam\u00ed que han fet. N\u2019estem molt contents i, sobretot, molt orgullosos!<\/p>\n","protected":false},"excerpt":{"rendered":"<p>Com ja \u00e9s costum al Num\u00e0ncia, hem tingut el plaer de rebre la visita d\u2019exalumnes que han tornat al centre per parlar amb l\u2019alumnat de 2n de batxillerat.<br \/>\nEn una xerrada molt propera i amena, van explicar com van viure les PAU, donant consells pr\u00e0ctics i&hellip;  <a href=\"https:\/\/agora.xtec.cat\/iesnumancia\/noticies-batxillerat\/els-exalumnes-tornen-al-numancia-i-comparteixen-la-seva-experiencia\/\" title=\"Read Els exalumnes tornen al Num\u00e0ncia i comparteixen la seva experi\u00e8ncia\">Llegeix m\u00e9s\u00bb<\/a><\/p>\n","protected":false},"author":1,"featured_media":10188,"comment_status":"closed","ping_status":"closed","sticky":false,"template":"","format":"standard","meta":{"_bbp_topic_count":0,"_bbp_reply_count":0,"_bbp_total_topic_count":0,"_bbp_total_reply_count":0,"_bbp_voice_count":0,"_bbp_anonymous_reply_count":0,"_bbp_topic_count_hidden":0,"_bbp_reply_count_hidden":0,"_bbp_forum_subforum_count":0,"footnotes":""},"categories":[8,29],"tags":[752,770,38],"class_list":["post-10187","post","type-post","status-publish","format-standard","has-post-thumbnail","hentry","category-noticies-batxillerat","category-portada","tag-752","tag-2n-abtx","tag-sant-jordi"],"post_mailing_queue_ids":[],"_links":{"self":[{"href":"https:\/\/agora.xtec.cat\/iesnumancia\/wp-json\/wp\/v2\/posts\/10187","targetHints":{"allow":["GET"]}}],"collection":[{"href":"https:\/\/agora.xtec.cat\/iesnumancia\/wp-json\/wp\/v2\/posts"}],"about":[{"href":"https:\/\/agora.xtec.cat\/iesnumancia\/wp-json\/wp\/v2\/types\/post"}],"author":[{"embeddable":true,"href":"https:\/\/agora.xtec.cat\/iesnumancia\/wp-json\/wp\/v2\/users\/1"}],"replies":[{"embeddable":true,"href":"https:\/\/agora.xtec.cat\/iesnumancia\/wp-json\/wp\/v2\/comments?post=10187"}],"version-history":[{"count":1,"href":"https:\/\/agora.xtec.cat\/iesnumancia\/wp-json\/wp\/v2\/posts\/10187\/revisions"}],"predecessor-version":[{"id":10189,"href":"https:\/\/agora.xtec.cat\/iesnumancia\/wp-json\/wp\/v2\/posts\/10187\/revisions\/10189"}],"wp:featuredmedia":[{"embeddable":true,"href":"https:\/\/agora.xtec.cat\/iesnumancia\/wp-json\/wp\/v2\/media\/10188"}],"wp:attachment":[{"href":"https:\/\/agora.xtec.cat\/iesnumancia\/wp-json\/wp\/v2\/media?parent=10187"}],"wp:term":[{"taxonomy":"category","embeddable":true,"href":"https:\/\/agora.xtec.cat\/iesnumancia\/wp-json\/wp\/v2\/categories?post=10187"},{"taxonomy":"post_tag","embeddable":true,"href":"https:\/\/agora.xtec.cat\/iesnumancia\/wp-json\/wp\/v2\/tags?post=10187"}],"curies":[{"name":"wp","href":"https:\/\/api.w.org\/{rel}","templated":true}]}}