{"id":10182,"date":"2026-04-29T17:42:01","date_gmt":"2026-04-29T15:42:01","guid":{"rendered":"https:\/\/agora.xtec.cat\/iesnumancia\/?p=10182"},"modified":"2026-04-29T17:42:01","modified_gmt":"2026-04-29T15:42:01","slug":"lliurament-del-premi-catedra-rumb-upc-al-millor-tr-sobre-el-baix-besos","status":"publish","type":"post","link":"https:\/\/agora.xtec.cat\/iesnumancia\/noticies-batxillerat\/lliurament-del-premi-catedra-rumb-upc-al-millor-tr-sobre-el-baix-besos\/","title":{"rendered":"Lliurament del Premi C\u00e0tedra RUMB-UPC al millor TR sobre el Baix Bes\u00f2s"},"content":{"rendered":"<table style=\"border-collapse: collapse; width: 100%;\">\n<tbody>\n<tr>\n<td style=\"width: 32.4208%;\"><img loading=\"lazy\" decoding=\"async\" class=\"aligncenter  wp-image-10184\" src=\"https:\/\/agora.xtec.cat\/iesnumancia\/wp-content\/uploads\/usu2267\/2026\/04\/POSTER_TR_baixa-724x1024-1-212x300.png\" alt=\"\" width=\"257\" height=\"364\" srcset=\"https:\/\/agora.xtec.cat\/iesnumancia\/wp-content\/uploads\/usu2267\/2026\/04\/POSTER_TR_baixa-724x1024-1-212x300.png 212w, https:\/\/agora.xtec.cat\/iesnumancia\/wp-content\/uploads\/usu2267\/2026\/04\/POSTER_TR_baixa-724x1024-1.png 724w\" sizes=\"auto, (max-width: 257px) 100vw, 257px\" \/><\/td>\n<td style=\"width: 67.5792%;\"><img loading=\"lazy\" decoding=\"async\" class=\"aligncenter wp-image-10183\" src=\"https:\/\/agora.xtec.cat\/iesnumancia\/wp-content\/uploads\/usu2267\/2026\/04\/premi-300x169.jpg\" alt=\"\" width=\"700\" height=\"394\" srcset=\"https:\/\/agora.xtec.cat\/iesnumancia\/wp-content\/uploads\/usu2267\/2026\/04\/premi-300x169.jpg 300w, https:\/\/agora.xtec.cat\/iesnumancia\/wp-content\/uploads\/usu2267\/2026\/04\/premi-1024x576.jpg 1024w, https:\/\/agora.xtec.cat\/iesnumancia\/wp-content\/uploads\/usu2267\/2026\/04\/premi-768x432.jpg 768w, https:\/\/agora.xtec.cat\/iesnumancia\/wp-content\/uploads\/usu2267\/2026\/04\/premi-1536x864.jpg 1536w, https:\/\/agora.xtec.cat\/iesnumancia\/wp-content\/uploads\/usu2267\/2026\/04\/premi.jpg 2040w\" sizes=\"auto, (max-width: 700px) 100vw, 700px\" \/><\/td>\n<\/tr>\n<\/tbody>\n<\/table>\n<p>El passat dia de Sant Jordi, el nostre centre va acollir l\u2019acte de lliurament del <em><strong>Premi C\u00e0tedra RUMB-UPC (Regeneraci\u00f3 Urbana Metropolitana del Bes\u00f2s)<\/strong><\/em>, un reconeixement que distingeix el millor treball de recerca centrat en algun aspecte rellevant del territori del Baix Bes\u00f2s.<\/p>\n<p>Enguany, el premi ha estat atorgat a les alumnes de 2n de Batxillerat A,<strong> Isabel Rodr\u00edguez i Aina Miranda<\/strong>, pel seu treball titulat<strong> <em>\u201cRenaixement del Riu Bes\u00f2s. Evoluci\u00f3 de la seva renaturalitzaci\u00f3\u201d<\/em><\/strong>. El jurat n\u2019ha valorat especialment la qualitat de l\u2019an\u00e0lisi, el rigor metodol\u00f2gic i la rellev\u00e0ncia del tema, que posa el focus en la transformaci\u00f3 ambiental i social d\u2019un espai clau del nostre entorn.<\/p>\n<p>L\u2019acte de lliurament es va celebrar davant de tot l\u2019alumnat de 2n de batxillerat, en un ambient molt especial coincidint amb la diada de Sant Jordi. Va ser una oportunitat per recon\u00e8ixer l\u2019esfor\u00e7 i la dedicaci\u00f3 de les alumnes premiades, aix\u00ed com per posar en valor la import\u00e0ncia de la recerca vinculada al territori.<\/p>\n<p>Des del centre, felicitem la Isabel i l\u2019Aina per aquest merescut reconeixement i encoratgem tot l\u2019alumnat a continuar investigant i implicant-se en projectes que contribueixin a millorar el nostre entorn.<\/p>\n","protected":false},"excerpt":{"rendered":"<p>El passat dia de Sant Jordi, el nostre centre va acollir l\u2019acte de lliurament del Premi C\u00e0tedra RUMB-UPC (Regeneraci\u00f3 Urbana Metropolitana del Bes\u00f2s), un reconeixement que distingeix el millor treball de recerca centrat en algun aspecte rellevant del territori del Baix Bes\u00f2s.<br \/>\nEnguany, el premi ha&hellip;  <a href=\"https:\/\/agora.xtec.cat\/iesnumancia\/noticies-batxillerat\/lliurament-del-premi-catedra-rumb-upc-al-millor-tr-sobre-el-baix-besos\/\" title=\"Read Lliurament del Premi C\u00e0tedra RUMB-UPC al millor TR sobre el Baix Bes\u00f2s\">Llegeix m\u00e9s\u00bb<\/a><\/p>\n","protected":false},"author":1,"featured_media":10183,"comment_status":"closed","ping_status":"closed","sticky":false,"template":"","format":"standard","meta":{"_bbp_topic_count":0,"_bbp_reply_count":0,"_bbp_total_topic_count":0,"_bbp_total_reply_count":0,"_bbp_voice_count":0,"_bbp_anonymous_reply_count":0,"_bbp_topic_count_hidden":0,"_bbp_reply_count_hidden":0,"_bbp_forum_subforum_count":0,"footnotes":""},"categories":[8,29],"tags":[769,170,768],"class_list":["post-10182","post","type-post","status-publish","format-standard","has-post-thumbnail","hentry","category-noticies-batxillerat","category-portada","tag-769","tag-2n-batx","tag-premis-tr"],"post_mailing_queue_ids":[],"_links":{"self":[{"href":"https:\/\/agora.xtec.cat\/iesnumancia\/wp-json\/wp\/v2\/posts\/10182","targetHints":{"allow":["GET"]}}],"collection":[{"href":"https:\/\/agora.xtec.cat\/iesnumancia\/wp-json\/wp\/v2\/posts"}],"about":[{"href":"https:\/\/agora.xtec.cat\/iesnumancia\/wp-json\/wp\/v2\/types\/post"}],"author":[{"embeddable":true,"href":"https:\/\/agora.xtec.cat\/iesnumancia\/wp-json\/wp\/v2\/users\/1"}],"replies":[{"embeddable":true,"href":"https:\/\/agora.xtec.cat\/iesnumancia\/wp-json\/wp\/v2\/comments?post=10182"}],"version-history":[{"count":2,"href":"https:\/\/agora.xtec.cat\/iesnumancia\/wp-json\/wp\/v2\/posts\/10182\/revisions"}],"predecessor-version":[{"id":10186,"href":"https:\/\/agora.xtec.cat\/iesnumancia\/wp-json\/wp\/v2\/posts\/10182\/revisions\/10186"}],"wp:featuredmedia":[{"embeddable":true,"href":"https:\/\/agora.xtec.cat\/iesnumancia\/wp-json\/wp\/v2\/media\/10183"}],"wp:attachment":[{"href":"https:\/\/agora.xtec.cat\/iesnumancia\/wp-json\/wp\/v2\/media?parent=10182"}],"wp:term":[{"taxonomy":"category","embeddable":true,"href":"https:\/\/agora.xtec.cat\/iesnumancia\/wp-json\/wp\/v2\/categories?post=10182"},{"taxonomy":"post_tag","embeddable":true,"href":"https:\/\/agora.xtec.cat\/iesnumancia\/wp-json\/wp\/v2\/tags?post=10182"}],"curies":[{"name":"wp","href":"https:\/\/api.w.org\/{rel}","templated":true}]}}