{"id":10170,"date":"2026-04-29T08:16:14","date_gmt":"2026-04-29T06:16:14","guid":{"rendered":"https:\/\/agora.xtec.cat\/iesnumancia\/?p=10170"},"modified":"2026-04-28T23:43:00","modified_gmt":"2026-04-28T21:43:00","slug":"forum-literari-sobre-el-llibre-el-torneig-dels-nuvols-amb-el-seu-autor-arturo-padilla","status":"publish","type":"post","link":"https:\/\/agora.xtec.cat\/iesnumancia\/portada\/forum-literari-sobre-el-llibre-el-torneig-dels-nuvols-amb-el-seu-autor-arturo-padilla\/","title":{"rendered":"F\u00f2rum literari sobre el llibre &#8220;El Torneig dels N\u00favols&#8221;, amb el seu autor, Arturo Padilla"},"content":{"rendered":"<table style=\"border-collapse: collapse; width: 100%;\">\n<tbody>\n<tr>\n<td style=\"width: 100%;\"><img loading=\"lazy\" decoding=\"async\" class=\"aligncenter wp-image-10172 size-large\" src=\"https:\/\/agora.xtec.cat\/iesnumancia\/wp-content\/uploads\/usu2267\/2026\/04\/f2-1024x461.jpg\" alt=\"\" width=\"1024\" height=\"461\" srcset=\"https:\/\/agora.xtec.cat\/iesnumancia\/wp-content\/uploads\/usu2267\/2026\/04\/f2-1024x461.jpg 1024w, https:\/\/agora.xtec.cat\/iesnumancia\/wp-content\/uploads\/usu2267\/2026\/04\/f2-300x135.jpg 300w, https:\/\/agora.xtec.cat\/iesnumancia\/wp-content\/uploads\/usu2267\/2026\/04\/f2-768x346.jpg 768w, https:\/\/agora.xtec.cat\/iesnumancia\/wp-content\/uploads\/usu2267\/2026\/04\/f2-1536x691.jpg 1536w, https:\/\/agora.xtec.cat\/iesnumancia\/wp-content\/uploads\/usu2267\/2026\/04\/f2.jpg 2040w\" sizes=\"auto, (max-width: 1024px) 100vw, 1024px\" \/><\/td>\n<\/tr>\n<\/tbody>\n<\/table>\n<p>El passat dilluns 20 d&#8217;abril, l\u2019alumnat de 4t d\u2019ESO va participar en un f\u00f2rum literari molt especial amb la visita d\u2019Arturo Padilla, l&#8217;autor de la novel\u00b7la de ci\u00e8ncia-ficci\u00f3 <strong><em>El Torneig dels N\u00favols.<\/em><\/strong> Tot plegat, amb la finalitat d&#8217;apropar els joves a la literatura i con\u00e8ixer de primera m\u00e0 qui i qu\u00e8 hi ha darrere les hist\u00f2ries que llegeixen.<\/p>\n<p>Durant l&#8217;activitat, Padilla va revelar com va n\u00e9ixer la idea original d\u2019escriure aquesta obra, una explicaci\u00f3 que va deixar impressionats els estudiants, que van comentar la gran capacitat d&#8217;imaginaci\u00f3 de l&#8217;autor per crear trames com aquestes i originals dins del g\u00e8nere de la ci\u00e8ncia-ficci\u00f3.<\/p>\n<p>Despr\u00e9s de l&#8217;exposici\u00f3 inicial, es va obrir un torn de paraules on els alumnes van poder preguntar sobre diversos aspectes de la trama, sobre el dia a dia de l&#8217;ofici d&#8217;escriptor i el proc\u00e9s de creaci\u00f3 liter\u00e0ria.<\/p>\n<p>L&#8217;escriptor, que ja porta noranta-tres f\u00f2rums realitzats amb els seus llibres, va destacar la bona atenci\u00f3 del p\u00fablic durant tota la jornada. Com a curiositat, Padilla va observar que la participaci\u00f3 va ser variada: mentre que en la primera sessi\u00f3 les noies van ser les m\u00e9s actives en les preguntes, en la segona van ser els nois els qui m\u00e9s es van animar a participar.<\/p>\n<table style=\"border-collapse: collapse; width: 100%;\">\n<tbody>\n<tr>\n<td style=\"width: 50%;\"><img loading=\"lazy\" decoding=\"async\" class=\"aligncenter wp-image-10174\" src=\"https:\/\/agora.xtec.cat\/iesnumancia\/wp-content\/uploads\/usu2267\/2026\/04\/f4-300x169.jpg\" alt=\"\" width=\"480\" height=\"270\" srcset=\"https:\/\/agora.xtec.cat\/iesnumancia\/wp-content\/uploads\/usu2267\/2026\/04\/f4-300x169.jpg 300w, https:\/\/agora.xtec.cat\/iesnumancia\/wp-content\/uploads\/usu2267\/2026\/04\/f4-1024x576.jpg 1024w, https:\/\/agora.xtec.cat\/iesnumancia\/wp-content\/uploads\/usu2267\/2026\/04\/f4-768x432.jpg 768w, https:\/\/agora.xtec.cat\/iesnumancia\/wp-content\/uploads\/usu2267\/2026\/04\/f4.jpg 1120w\" sizes=\"auto, (max-width: 480px) 100vw, 480px\" \/><\/td>\n<td style=\"width: 50%;\"><img loading=\"lazy\" decoding=\"async\" class=\"aligncenter wp-image-10171 size-large\" src=\"https:\/\/agora.xtec.cat\/iesnumancia\/wp-content\/uploads\/usu2267\/2026\/04\/f1-1024x461.jpg\" alt=\"\" width=\"1024\" height=\"461\" srcset=\"https:\/\/agora.xtec.cat\/iesnumancia\/wp-content\/uploads\/usu2267\/2026\/04\/f1-1024x461.jpg 1024w, https:\/\/agora.xtec.cat\/iesnumancia\/wp-content\/uploads\/usu2267\/2026\/04\/f1-300x135.jpg 300w, https:\/\/agora.xtec.cat\/iesnumancia\/wp-content\/uploads\/usu2267\/2026\/04\/f1-768x346.jpg 768w, https:\/\/agora.xtec.cat\/iesnumancia\/wp-content\/uploads\/usu2267\/2026\/04\/f1-1536x691.jpg 1536w, https:\/\/agora.xtec.cat\/iesnumancia\/wp-content\/uploads\/usu2267\/2026\/04\/f1.jpg 2040w\" sizes=\"auto, (max-width: 1024px) 100vw, 1024px\" \/><\/td>\n<\/tr>\n<\/tbody>\n<\/table>\n<p>&nbsp;<\/p>\n","protected":false},"excerpt":{"rendered":"<p>El passat dilluns 20 d&#8217;abril, l\u2019alumnat de 4t d\u2019ESO va participar en un f\u00f2rum literari molt especial amb la visita d\u2019Arturo Padilla, l&#8217;autor de la novel\u00b7la de ci\u00e8ncia-ficci\u00f3 El Torneig dels N\u00favols. Tot plegat, amb la finalitat d&#8217;apropar els joves a la literatura i con\u00e8ixer&hellip;  <a href=\"https:\/\/agora.xtec.cat\/iesnumancia\/portada\/forum-literari-sobre-el-llibre-el-torneig-dels-nuvols-amb-el-seu-autor-arturo-padilla\/\" title=\"Read F\u00f2rum literari sobre el llibre &#8220;El Torneig dels N\u00favols&#8221;, amb el seu autor, Arturo Padilla\">Llegeix m\u00e9s\u00bb<\/a><\/p>\n","protected":false},"author":1,"featured_media":10174,"comment_status":"closed","ping_status":"closed","sticky":false,"template":"","format":"standard","meta":{"_bbp_topic_count":0,"_bbp_reply_count":0,"_bbp_total_topic_count":0,"_bbp_total_reply_count":0,"_bbp_voice_count":0,"_bbp_anonymous_reply_count":0,"_bbp_topic_count_hidden":0,"_bbp_reply_count_hidden":0,"_bbp_forum_subforum_count":0,"footnotes":""},"categories":[119,29],"tags":[713,215,682],"class_list":["post-10170","post","type-post","status-publish","format-standard","has-post-thumbnail","hentry","category-noticies-activitats-de-centre","category-portada","tag-2025-26","tag-4t-deso","tag-setmana-cultural"],"post_mailing_queue_ids":[],"_links":{"self":[{"href":"https:\/\/agora.xtec.cat\/iesnumancia\/wp-json\/wp\/v2\/posts\/10170","targetHints":{"allow":["GET"]}}],"collection":[{"href":"https:\/\/agora.xtec.cat\/iesnumancia\/wp-json\/wp\/v2\/posts"}],"about":[{"href":"https:\/\/agora.xtec.cat\/iesnumancia\/wp-json\/wp\/v2\/types\/post"}],"author":[{"embeddable":true,"href":"https:\/\/agora.xtec.cat\/iesnumancia\/wp-json\/wp\/v2\/users\/1"}],"replies":[{"embeddable":true,"href":"https:\/\/agora.xtec.cat\/iesnumancia\/wp-json\/wp\/v2\/comments?post=10170"}],"version-history":[{"count":1,"href":"https:\/\/agora.xtec.cat\/iesnumancia\/wp-json\/wp\/v2\/posts\/10170\/revisions"}],"predecessor-version":[{"id":10180,"href":"https:\/\/agora.xtec.cat\/iesnumancia\/wp-json\/wp\/v2\/posts\/10170\/revisions\/10180"}],"wp:featuredmedia":[{"embeddable":true,"href":"https:\/\/agora.xtec.cat\/iesnumancia\/wp-json\/wp\/v2\/media\/10174"}],"wp:attachment":[{"href":"https:\/\/agora.xtec.cat\/iesnumancia\/wp-json\/wp\/v2\/media?parent=10170"}],"wp:term":[{"taxonomy":"category","embeddable":true,"href":"https:\/\/agora.xtec.cat\/iesnumancia\/wp-json\/wp\/v2\/categories?post=10170"},{"taxonomy":"post_tag","embeddable":true,"href":"https:\/\/agora.xtec.cat\/iesnumancia\/wp-json\/wp\/v2\/tags?post=10170"}],"curies":[{"name":"wp","href":"https:\/\/api.w.org\/{rel}","templated":true}]}}