{"id":675,"count":18,"description":"Un any m\u00e9s, celebrem Sant Jordi amb un seguit d'activitats que omplen el centre de vida, cultura i participaci\u00f3. Aquesta festivitat tan estimada ens convida a gaudir de la lectura, l\u2019art i les tradicions catalanes, tot posant en valor el talent i la implicaci\u00f3 de l\u2019alumnat i el professorat.\r\n\r\nEn aquest apartat trobareu totes les not\u00edcies relacionades amb Sant Jordi 2025: cr\u00f2niques d'activitats, exposicions, concursos, tallers, recomanacions liter\u00e0ries i molt m\u00e9s. Us animem a fer-hi un cop d\u2019ull i a reviure, a trav\u00e9s d\u2019aquest recull, l\u2019esperit d\u2019una diada que transforma el nostre institut en un veritable espai cultural.","link":"https:\/\/agora.xtec.cat\/iesnumancia\/categoria\/setmana-cultural-_-sant-jordi-2025\/","name":"Setmana cultural _ Sant Jordi 2025","slug":"setmana-cultural-_-sant-jordi-2025","taxonomy":"category","parent":0,"meta":[],"_links":{"self":[{"href":"https:\/\/agora.xtec.cat\/iesnumancia\/wp-json\/wp\/v2\/categories\/675","targetHints":{"allow":["GET"]}}],"collection":[{"href":"https:\/\/agora.xtec.cat\/iesnumancia\/wp-json\/wp\/v2\/categories"}],"about":[{"href":"https:\/\/agora.xtec.cat\/iesnumancia\/wp-json\/wp\/v2\/taxonomies\/category"}],"wp:post_type":[{"href":"https:\/\/agora.xtec.cat\/iesnumancia\/wp-json\/wp\/v2\/posts?categories=675"}],"curies":[{"name":"wp","href":"https:\/\/api.w.org\/{rel}","templated":true}]}}