{"id":410,"count":10,"description":"<p style=\"text-align: justify;\">Benvinguts a l\u2019espai virtual de les exposicions escolars de l\u2019Institut de Secund\u00e0ria Num\u00e0ncia! Aquesta p\u00e0gina recull i presenta les mostres creatives i acad\u00e8miques dels nostres alumnes, que es poden visitar f\u00edsicament als espais 39 i 40 del centre. Aquestes exposicions s\u00f3n el resultat del treball col\u00b7laboratiu i interdisciplinari dut a terme al llarg del curs, i reflecteixen el comprom\u00eds, l'esfor\u00e7 i la imaginaci\u00f3 de l\u2019alumnat i el professorat. Us convidem a descobrir-les i a deixar-vos sorprendre pel talent que hi batega.<\/p>","link":"https:\/\/agora.xtec.cat\/iesnumancia\/categoria\/recull-de-noticies\/exposicions-espai-39-i-40\/","name":"Exposicions espai 39 i 40","slug":"exposicions-espai-39-i-40","taxonomy":"category","parent":120,"meta":[],"_links":{"self":[{"href":"https:\/\/agora.xtec.cat\/iesnumancia\/wp-json\/wp\/v2\/categories\/410","targetHints":{"allow":["GET"]}}],"collection":[{"href":"https:\/\/agora.xtec.cat\/iesnumancia\/wp-json\/wp\/v2\/categories"}],"about":[{"href":"https:\/\/agora.xtec.cat\/iesnumancia\/wp-json\/wp\/v2\/taxonomies\/category"}],"up":[{"embeddable":true,"href":"https:\/\/agora.xtec.cat\/iesnumancia\/wp-json\/wp\/v2\/categories\/120"}],"wp:post_type":[{"href":"https:\/\/agora.xtec.cat\/iesnumancia\/wp-json\/wp\/v2\/posts?categories=410"}],"curies":[{"name":"wp","href":"https:\/\/api.w.org\/{rel}","templated":true}]}}