{"id":998,"date":"2012-05-10T16:55:24","date_gmt":"2012-05-10T16:55:24","guid":{"rendered":"http:\/\/insmonturiol.cat\/opera-a-secundaria-lorquestra-dels-animals"},"modified":"2012-05-10T16:55:24","modified_gmt":"2012-05-10T16:55:24","slug":"opera-a-secundaria-lorquestra-dels-animals","status":"publish","type":"post","link":"https:\/\/agora.xtec.cat\/iesnarcismonturiol\/general\/opera-a-secundaria-lorquestra-dels-animals\/","title":{"rendered":"\u00d2pera a Secund\u00e0ria. L&#8217;orquestra dels animals"},"content":{"rendered":"<p><a href=\"http:\/\/insmonturiol.cat\/wp-content\/uploads\/2012\/05\/RTEmagicC_orquestra-animals_01.jpg.jpg\"><img loading=\"lazy\" decoding=\"async\" class=\"aligncenter size-full wp-image-999\" title=\"\u00d2pera a Secund\u00e0ria. L'orquestra dels animals. \" src=\"http:\/\/insmonturiol.cat\/wp-content\/uploads\/2012\/05\/RTEmagicC_orquestra-animals_01.jpg.jpg\" alt=\"\" width=\"300\" height=\"165\" \/><\/a><\/p>\n<p>Un any m\u00e9s el nostre alumnat de primer i segon d\u2019ESO ha pogut gaudir de l\u2019experi\u00e8ncia de formar part d\u2019una \u00f2pera juvenil com a cor general. Hem repetit\u00a0<span style=\"color: #0000ff;\"><em>L\u2019orquestra dels animals<\/em><\/span>, \u00f2pera en dos actes basada en el conte Els m\u00fasics de Bremen, amb m\u00fasica d\u2019Andrea Basevi i libretto de Roberto Piumini. Les actuacions s\u2019han fet a l\u2019Auditori de Sant Cugat amb dues sessions, dia 6 i 8 de maig, la primera per a les fam\u00edlies i p\u00fablic de la Ciutat i la segona per a p\u00fablic escolar. V\u00e0rem fer un assaig previ al Foyer del Gran teatre del Liceu el mes d\u2019abril on ens pos\u00e0rem en contacte amb les dues directores de l\u2019espectacle, Elisenda Carrasco (m\u00fasica) i Anna Llopart (escena) i el pianista acompanyant. La trobada seg\u00fcent ja va ser l\u2019assaig generat a Sant Cugat amb tota l\u2019orquestra i protagonistes de l\u2019\u00f2pera.<\/p>\n<p>A m\u00e9s, amb l\u2019ajuda del professor Ramon Orteu del departament de pl\u00e0stica, unes alumnes varen fer els cartells que formarien part d\u2019una escena de la representaci\u00f3 amb resultats m\u00e9s que notables.<\/p>\n<p>&nbsp;<\/p>\n<p><a href=\"http:\/\/insmonturiol.cat\/wp-content\/uploads\/2012\/05\/IMGP5767.jpg\"><img loading=\"lazy\" decoding=\"async\" class=\"aligncenter size-medium wp-image-1016\" title=\"cartell per indicar el cam\u00ed\" src=\"http:\/\/insmonturiol.cat\/wp-content\/uploads\/2012\/05\/IMGP5767-300x225.jpg\" alt=\"\" width=\"300\" height=\"225\" \/><\/a><a href=\"http:\/\/insmonturiol.cat\/wp-content\/uploads\/2012\/05\/IMGP5768.jpg\"><img loading=\"lazy\" decoding=\"async\" class=\"aligncenter size-medium wp-image-1017\" title=\"cartell per indicar el cam\u00ed\" src=\"http:\/\/insmonturiol.cat\/wp-content\/uploads\/2012\/05\/IMGP5768-300x225.jpg\" alt=\"\" width=\"300\" height=\"225\" \/><\/a><\/p>\n<p>Tant Isabel Ribera com jo mateixa, hem compartit aquesta viv\u00e8ncia amb molt d\u2019entusiasme, perqu\u00e8 estem conven\u00e7udes que els ha ajudat a cr\u00e9ixer, a aprendre qu\u00e8 \u00e9s un llenguatge musical, a despertar una altra sensibilitat, a portar l\u2019exig\u00e8ncia fins a sentir els nervis propis de qui vol aconseguir un bon nivell musical i, naturalment, a passar-s\u2019ho molt b\u00e9.<\/p>\n<p>Us hem de comunicar que aquesta experi\u00e8ncia que havia comen\u00e7at feia 12 anys ja no es far\u00e0 m\u00e9s perqu\u00e8 ha caigut v\u00edctima de les retallades aplicades a cultura i ensenyament.<\/p>\n<p>&nbsp;<\/p>\n<p><a href=\"http:\/\/insmonturiol.cat\/wp-content\/uploads\/2012\/05\/IMGP5770.jpg\"><img loading=\"lazy\" decoding=\"async\" class=\"aligncenter size-medium wp-image-1018\" title=\"a l'escenari\" src=\"http:\/\/insmonturiol.cat\/wp-content\/uploads\/2012\/05\/IMGP5770-300x225.jpg\" alt=\"\" width=\"300\" height=\"225\" \/><\/a><\/p>\n<p>Joana Blanch, professora de Cant Coral de l\u2019INS Narc\u00eds Monturiol<\/p>\n","protected":false},"excerpt":{"rendered":"<p><a href=\"http:\/\/insmonturiol.cat\/wp-content\/uploads\/2012\/05\/RTEmagicC_orquestra-animals_01.jpg.jpg\"><\/a><br \/>\nUn any m\u00e9s el nostre alumnat de primer i segon d\u2019ESO ha pogut gaudir de l\u2019experi\u00e8ncia de formar part d\u2019una \u00f2pera juvenil com a cor general. Hem repetit\u00a0L\u2019orquestra dels animals, \u00f2pera en dos actes basada en el conte Els m\u00fasics de Bremen, amb m\u00fasica&hellip;  <a href=\"https:\/\/agora.xtec.cat\/iesnarcismonturiol\/general\/opera-a-secundaria-lorquestra-dels-animals\/\" title=\"Read \u00d2pera a Secund\u00e0ria. L&#8217;orquestra dels animals\">Llegeix m\u00e9s\u00bb<\/a><\/p>\n","protected":false},"author":5,"featured_media":5066,"comment_status":"closed","ping_status":"closed","sticky":false,"template":"","format":"standard","meta":{"_bbp_topic_count":0,"_bbp_reply_count":0,"_bbp_total_topic_count":0,"_bbp_total_reply_count":0,"_bbp_voice_count":0,"_bbp_anonymous_reply_count":0,"_bbp_topic_count_hidden":0,"_bbp_reply_count_hidden":0,"_bbp_forum_subforum_count":0,"footnotes":""},"categories":[128,1],"tags":[263,272],"class_list":["post-998","post","type-post","status-publish","format-standard","has-post-thumbnail","hentry","category-expressio","category-general","tag-musica","tag-opera-a-secundaria"],"post_mailing_queue_ids":[],"_links":{"self":[{"href":"https:\/\/agora.xtec.cat\/iesnarcismonturiol\/wp-json\/wp\/v2\/posts\/998","targetHints":{"allow":["GET"]}}],"collection":[{"href":"https:\/\/agora.xtec.cat\/iesnarcismonturiol\/wp-json\/wp\/v2\/posts"}],"about":[{"href":"https:\/\/agora.xtec.cat\/iesnarcismonturiol\/wp-json\/wp\/v2\/types\/post"}],"author":[{"embeddable":true,"href":"https:\/\/agora.xtec.cat\/iesnarcismonturiol\/wp-json\/wp\/v2\/users\/5"}],"replies":[{"embeddable":true,"href":"https:\/\/agora.xtec.cat\/iesnarcismonturiol\/wp-json\/wp\/v2\/comments?post=998"}],"version-history":[{"count":0,"href":"https:\/\/agora.xtec.cat\/iesnarcismonturiol\/wp-json\/wp\/v2\/posts\/998\/revisions"}],"wp:featuredmedia":[{"embeddable":true,"href":"https:\/\/agora.xtec.cat\/iesnarcismonturiol\/wp-json\/wp\/v2\/media\/5066"}],"wp:attachment":[{"href":"https:\/\/agora.xtec.cat\/iesnarcismonturiol\/wp-json\/wp\/v2\/media?parent=998"}],"wp:term":[{"taxonomy":"category","embeddable":true,"href":"https:\/\/agora.xtec.cat\/iesnarcismonturiol\/wp-json\/wp\/v2\/categories?post=998"},{"taxonomy":"post_tag","embeddable":true,"href":"https:\/\/agora.xtec.cat\/iesnarcismonturiol\/wp-json\/wp\/v2\/tags?post=998"}],"curies":[{"name":"wp","href":"https:\/\/api.w.org\/{rel}","templated":true}]}}